{"id":142878,"date":"2015-09-10T15:53:53","date_gmt":"2015-09-10T13:53:53","guid":{"rendered":"http:\/\/www.fuldaer-nachrichten.de\/?p=142878"},"modified":"2015-09-10T15:53:53","modified_gmt":"2015-09-10T13:53:53","slug":"kuenstlerische-fruehfoerderung-ein-fundament-fuer-kreative-entwicklung-6-taegiger-workshop-fuer-kinder-ab-3-jahren","status":"publish","type":"post","link":"https:\/\/www.fuldaernachrichten.de\/?p=142878","title":{"rendered":"K\u00fcnstlerische Fr\u00fchf\u00f6rderung- Ein Fundament f\u00fcr kreative Entwicklung 6-t\u00e4giger Workshop f\u00fcr Kinder ab 3 Jahren"},"content":{"rendered":"<p>K\u00fcnstlerische Fr\u00fchf\u00f6rderung kommt der kindlichen Fantasie und Entdeckerlust entgegen. Gemeinsam begeben sich die Kinder auf eine Reise in eine Welt voller Farben und Formen. Mit unterschiedlichen Materialien (Pinsel, Farbe, Papier\u00e2\u20ac\u00a6) nehmen sie mit allen Sinnen wahr, sammeln neue Erfahrungen und hinterlassen eigene Spuren.<br \/>\nFreude an der Kreativit\u00e4t und an Materialerfahrung stehen dabei im Vordergrund.<\/p>\n<p>Termine:<\/p>\n<p>01.10.2015<br \/>\n08.10.2015<br \/>\n15.10.2015<br \/>\n05.11.2015<br \/>\n12.11.2015<br \/>\n19.11.2015<\/p>\n<p>Jeweils donnerstags von 15.00-16.00 Uhr<\/p>\n<p>Workshopleitung: Ulrike Schade<\/p>\n<p>Geb\u00fchr: \u00e2\u201a\u00ac 64,00 pro Kind<\/p>\n<p>Anmeldung: Die Anmeldung erfolgt schriftlich.<br \/>\n(Das Anmeldeformular ist in der KAF erh\u00e4ltlich, gerne auch per Fax oder \u00e2\u20ac\u00a8E-Mail oder als Download unter www.kaf.de.)<\/p>\n<p>Informationen\/Anmeldung:<br \/>\nKinder-Akademie Fulda \/\u00c2\u00a0 Mehlerstra\u00dfe 8 \/ 36043 Fulda<br \/>\nTelefon: 0661\/90273-0 \/ Telefax: 0661\/90273-25 \/ info@kaf.de \/ www.kaf.de<\/p>\n<p>Anmeldeschluss: Wenn Sie Interesse an diesem Kurs haben, melden Sie Ihr Kind bitte sp\u00e4testens bis zum Mittwoch, 23.09.2015.<\/p>\n","protected":false},"excerpt":{"rendered":"<div class=\"tmnf_excerpt\"><p>K\u00fcnstlerische Fr\u00fchf\u00f6rderung kommt der kindlichen Fantasie und Entdeckerlust entgegen. Gemeinsam begeben sich die Kinder auf eine Reise in eine Welt voller Farben und Formen. Mit unterschiedlichen Materialien (Pinsel, Farbe, Papier\u00e2\u20ac\u00a6) nehmen sie mit allen Sinnen wahr, sammeln neue Erfahrungen und hinterlassen eigene Spuren. Freude an der Kreativit\u00e4t und an Materialerfahrung stehen dabei im Vordergrund. Termine: &hellip;<\/p>\n<\/div>","protected":false},"author":1,"featured_media":0,"comment_status":"closed","ping_status":"closed","sticky":false,"template":"","format":"standard","meta":{"footnotes":""},"categories":[53,72],"tags":[],"class_list":["post-142878","post","type-post","status-publish","format-standard","hentry","category-bildung","category-jugend"],"_links":{"self":[{"href":"https:\/\/www.fuldaernachrichten.de\/index.php?rest_route=\/wp\/v2\/posts\/142878","targetHints":{"allow":["GET"]}}],"collection":[{"href":"https:\/\/www.fuldaernachrichten.de\/index.php?rest_route=\/wp\/v2\/posts"}],"about":[{"href":"https:\/\/www.fuldaernachrichten.de\/index.php?rest_route=\/wp\/v2\/types\/post"}],"author":[{"embeddable":true,"href":"https:\/\/www.fuldaernachrichten.de\/index.php?rest_route=\/wp\/v2\/users\/1"}],"replies":[{"embeddable":true,"href":"https:\/\/www.fuldaernachrichten.de\/index.php?rest_route=%2Fwp%2Fv2%2Fcomments&post=142878"}],"version-history":[{"count":1,"href":"https:\/\/www.fuldaernachrichten.de\/index.php?rest_route=\/wp\/v2\/posts\/142878\/revisions"}],"predecessor-version":[{"id":142882,"href":"https:\/\/www.fuldaernachrichten.de\/index.php?rest_route=\/wp\/v2\/posts\/142878\/revisions\/142882"}],"wp:attachment":[{"href":"https:\/\/www.fuldaernachrichten.de\/index.php?rest_route=%2Fwp%2Fv2%2Fmedia&parent=142878"}],"wp:term":[{"taxonomy":"category","embeddable":true,"href":"https:\/\/www.fuldaernachrichten.de\/index.php?rest_route=%2Fwp%2Fv2%2Fcategories&post=142878"},{"taxonomy":"post_tag","embeddable":true,"href":"https:\/\/www.fuldaernachrichten.de\/index.php?rest_route=%2Fwp%2Fv2%2Ftags&post=142878"}],"curies":[{"name":"wp","href":"https:\/\/api.w.org\/{rel}","templated":true}]}}