{"id":142848,"date":"2015-09-10T11:47:19","date_gmt":"2015-09-10T09:47:19","guid":{"rendered":"http:\/\/www.fuldaer-nachrichten.de\/?p=142848"},"modified":"2015-09-10T11:47:19","modified_gmt":"2015-09-10T09:47:19","slug":"das-grosse-im-kleinen-der-singer-songwriter-philip-boelter-zeigt-seine-talente-beim-gernsehen","status":"publish","type":"post","link":"https:\/\/www.fuldaernachrichten.de\/?p=142848","title":{"rendered":"DAS GROSSE IM KLEINEN &#8211; Der Singer-Songwriter Philip B\u00f6lter zeigt seine Talente beim Gernsehen"},"content":{"rendered":"<div id=\"attachment_142850\" style=\"width: 275px\" class=\"wp-caption alignleft\"><a href=\"http:\/\/www.fuldaer-nachrichten.de\/wp-content\/uploads\/2015\/09\/Philip_Boelter-PR2013_large_2228-683x1024.jpg\"><img fetchpriority=\"high\" decoding=\"async\" aria-describedby=\"caption-attachment-142850\" class=\"size-thumbnail wp-image-142850\" src=\"http:\/\/www.fuldaer-nachrichten.de\/wp-content\/uploads\/2015\/09\/Philip_Boelter-PR2013_large_2228-683x1024-265x397.jpg\" alt=\"Copyright Christian Schmitt Nutzung nur bei Namensnennung\" width=\"265\" height=\"397\" srcset=\"https:\/\/www.fuldaernachrichten.de\/wp-content\/uploads\/2015\/09\/Philip_Boelter-PR2013_large_2228-683x1024-265x397.jpg 265w, https:\/\/www.fuldaernachrichten.de\/wp-content\/uploads\/2015\/09\/Philip_Boelter-PR2013_large_2228-683x1024-177x265.jpg 177w, https:\/\/www.fuldaernachrichten.de\/wp-content\/uploads\/2015\/09\/Philip_Boelter-PR2013_large_2228-683x1024-400x600.jpg 400w, https:\/\/www.fuldaernachrichten.de\/wp-content\/uploads\/2015\/09\/Philip_Boelter-PR2013_large_2228-683x1024.jpg 683w\" sizes=\"(max-width: 265px) 100vw, 265px\" \/><\/a><p id=\"caption-attachment-142850\" class=\"wp-caption-text\">Copyright Christian Schmitt Nutzung nur bei Namensnennung<\/p><\/div>\n<p>Philip B\u00f6lter ist &#8220;der mit dem Wuschelkopf&#8221;, &#8220;der mit der Gitarre&#8221;, &#8220;der, der heute hier und morgen dort ist&#8221;. &#8220;Nie vorhersehbar, fast schon perkussiv schl\u00e4gt er in die Saiten seiner Gitarre und entwickelt eine unglaubliche Dynamik, so dicht, so variabel und mit unglaublich einfallsreichen Variationen unterl\u00e4uft er charmant alle Erwartungshaltungen in seinem Spiel und findet in seinen Interpretationen permanent neue Varianten. Alles wirkt m\u00fchelos und kommt von Herzen. Es dauert immer nur wenige Takte, bis dieser leidenschaftliche Musiker mit seinem nat\u00fcrlichen Auftreten und einer einzigartigen Mischung aus Charme, Esprit und K\u00f6nnen die Zuh\u00f6rer auf seine Seite gezogen hat.&#8221; So schreibt die Presse \u00fcber den aus Osthessen stammenden und mittlerweile durch ganz Deutschland tourenden Singer-Songwriter.<\/p>\n<p>B\u00f6lter ist Preistr\u00e4ger des 1. Robert Johnson Guitar Award in Hamburg, sowie Gewinner des Deutschen Rock &amp; Pop Preises. Obwohl er erst 27 Jahre alt ist, hat er bereits 6 Alben ver\u00f6ffentlicht, \u00fcber 100 Songs geschrieben und \u00fcber 800 Konzerte gespielt.\u00c2\u00a0 Auch im Radio und TV, u.a. bei\u00c2\u00a0 dem beliebten ProSieben Castingformat \u201eThe Voice of Germany\u201c pr\u00e4sentierte er sich mehrmals einem Millionen-Publikum. Au\u00dfergew\u00f6hnlich dabei ist, dass er trotz dieses Erfolges nach wie vor ohne Plattenfirma, Verlag oder Agentur arbeitet und sich mehr oder weniger selbst vermarktet. Philip sucht nicht den schnellen Weg ins Radio, sondern nachhaltiges kreatives Wirken. Es entspricht nicht seiner Auffassung von Kunst, diese dem Publikum durch die \u00fcblichen Vertriebswege und Vermarktungsstrategien aufzuzwingen. Jeder hat die Wahl sich f\u00fcr oder gegen kulturelle Vielfalt zu entscheiden, wenn er sie sucht und wirken l\u00e4sst. Eine Haltung, die sehr gut zu der von der Fuldaer S\u00e4ngerin und Entertainerin Marianne Blum initiierten und moderierten Veranstaltungsreihe \u201eGernsehen und Abendessen\u201c passt, in der ja stets das Experiment gefeiert wird und die trotzdem oder gerade deshalb immer mehr treue Zuschauer gewinnen kann, die das \u00fcbliche Show-Einerlei und Mainstream-Veranstaltungen satt haben und hungrig nach echter Inspiration sind.<\/p>\n<p>Inspiration \u2013 die hat Philip B\u00f6lter und er wird sicher auch viel davon auf das Gernsehen-Publikum \u00fcbertragen. Der sympathische K\u00fcnstler hat n\u00e4mlich nicht nur musikalisches Talent. Seit geraumer Zeit malt er und wird in der Show einige seiner Arbeiten in Acryl auf Leinwand pr\u00e4sentieren, au\u00dferdem schreibt er. Seine Themen: das, was er auf seinen Tourneen durch Deutschland erlebt. Eine Kostprobe unglaublicher Anekdoten und ber\u00fchrender Begebenheiten wird es neben guter Musik also auch an diesem Abend im Museumskeller geben. Ein w\u00fcrdiger Staffelauftakt f\u00fcr Fuldas beste Dinner-Show-Reihe!<\/p>\n<p>Seit Januar 2010 gibt es die Dinner-Show der Entertainerin Marianne Blum. Damit ist die Reihe die erfolgreichste Veranstaltungsreihe der Region! Kein Wunder &#8211; denn das Gernsehen ist abwechslungsreich und \u00fcberraschend, niveauvoll und unterhaltsam, k\u00f6stlich und au\u00dfergew\u00f6hnlich und jedes Mal anders. Denn die Gastgeberin pr\u00e4sentiert an jedem letzten Mittwoch im Monat, 19-22 Uhr, im Fuldaer Museumskeller immer wieder spannende K\u00fcnstler aus allen Sparten. Ob regionale Talente oder Stars, sie alle kommen gern, denn hier stimmt einfach alles. Das kommt dem Publikum zugute, denn das, was die K\u00fcnstler in ihren live Shows bei der Blum zeigen, kann man sonst nirgends erleben. Das ist besser als Fernsehen &#8211; das ist Gernsehen!<\/p>\n<p>Mittwoch, 30. September 2015, 19 \u2013 22 Uhr<\/p>\n<p>Museumskeller Fulda, Jesuitenplatz 2, 36037 Fulda<br \/>\nWeitere Infos unter 0661-240230 oder www.kreuz.com<br \/>\nShow + 3-Gang-Men\u00fc: 29 \u00e2\u201a\u00ac. Bitte unbedingt reservieren!<br \/>\nTickets und Reservierung im Museumscaf\u00e9 Fulda 0661-240029 oder online unter catering@kreuz.com<\/p>\n","protected":false},"excerpt":{"rendered":"<div class=\"tmnf_excerpt\"><p>Philip B\u00f6lter ist &#8220;der mit dem Wuschelkopf&#8221;, &#8220;der mit der Gitarre&#8221;, &#8220;der, der heute hier und morgen dort ist&#8221;. &#8220;Nie vorhersehbar, fast schon perkussiv schl\u00e4gt er in die Saiten seiner Gitarre und entwickelt eine unglaubliche Dynamik, so dicht, so variabel und mit unglaublich einfallsreichen Variationen unterl\u00e4uft er charmant alle Erwartungshaltungen in seinem Spiel und findet &hellip;<\/p>\n<\/div>","protected":false},"author":1,"featured_media":142849,"comment_status":"closed","ping_status":"closed","sticky":false,"template":"","format":"standard","meta":{"footnotes":""},"categories":[44],"tags":[],"class_list":["post-142848","post","type-post","status-publish","format-standard","has-post-thumbnail","hentry","category-kultur"],"_links":{"self":[{"href":"https:\/\/www.fuldaernachrichten.de\/index.php?rest_route=\/wp\/v2\/posts\/142848","targetHints":{"allow":["GET"]}}],"collection":[{"href":"https:\/\/www.fuldaernachrichten.de\/index.php?rest_route=\/wp\/v2\/posts"}],"about":[{"href":"https:\/\/www.fuldaernachrichten.de\/index.php?rest_route=\/wp\/v2\/types\/post"}],"author":[{"embeddable":true,"href":"https:\/\/www.fuldaernachrichten.de\/index.php?rest_route=\/wp\/v2\/users\/1"}],"replies":[{"embeddable":true,"href":"https:\/\/www.fuldaernachrichten.de\/index.php?rest_route=%2Fwp%2Fv2%2Fcomments&post=142848"}],"version-history":[{"count":1,"href":"https:\/\/www.fuldaernachrichten.de\/index.php?rest_route=\/wp\/v2\/posts\/142848\/revisions"}],"predecessor-version":[{"id":142851,"href":"https:\/\/www.fuldaernachrichten.de\/index.php?rest_route=\/wp\/v2\/posts\/142848\/revisions\/142851"}],"wp:featuredmedia":[{"embeddable":true,"href":"https:\/\/www.fuldaernachrichten.de\/index.php?rest_route=\/wp\/v2\/media\/142849"}],"wp:attachment":[{"href":"https:\/\/www.fuldaernachrichten.de\/index.php?rest_route=%2Fwp%2Fv2%2Fmedia&parent=142848"}],"wp:term":[{"taxonomy":"category","embeddable":true,"href":"https:\/\/www.fuldaernachrichten.de\/index.php?rest_route=%2Fwp%2Fv2%2Fcategories&post=142848"},{"taxonomy":"post_tag","embeddable":true,"href":"https:\/\/www.fuldaernachrichten.de\/index.php?rest_route=%2Fwp%2Fv2%2Ftags&post=142848"}],"curies":[{"name":"wp","href":"https:\/\/api.w.org\/{rel}","templated":true}]}}