{"id":142830,"date":"2015-09-09T16:32:50","date_gmt":"2015-09-09T14:32:50","guid":{"rendered":"http:\/\/www.fuldaer-nachrichten.de\/?p=142830"},"modified":"2015-09-09T16:32:50","modified_gmt":"2015-09-09T14:32:50","slug":"von-der-geschaeftsidee-zur-unternehmerin-ein-seminarangebot-der-agentur-fuer-arbeit-in-fulda","status":"publish","type":"post","link":"https:\/\/www.fuldaernachrichten.de\/?p=142830","title":{"rendered":"Von der Gesch\u00e4ftsidee zur Unternehmerin Ein Seminarangebot der Agentur f\u00fcr Arbeit in Fulda"},"content":{"rendered":"<p>Interessierte Frauen haben am 17. September in der Fuldaer Arbeitsagentur die M\u00f6glichkeit, an einem Workshop zum Thema Existenzgr\u00fcndung teilzunehmen. Referentin Georgia Wolf beleuchtet alle wichtigen Dinge die Frau auf ihrem Weg von der Gesch\u00e4ftsidee zur Unternehmerin beachten sollte. Die Finanzexpertin zeigt F\u00f6rderm\u00f6glichkeiten auf und weist auf m\u00f6gliche Hindernisse hin. Er\u00f6rtert werden neben den rechtlichen Grundlagen auch pers\u00f6nliche und fachliche Voraussetzungen einer Existenzgr\u00fcndung. Ziel des Seminars ist es, die Chancen und Risiken \u00fcberschaubar und handhabbar zu machen. \u201eNach einer Familienphase kann die Aufnahme einer selbst\u00e4ndigen T\u00e4tigkeit eine ad\u00e4quate Variante sein, um Familie und Beruf miteinander zu verbinden. Die Veranstaltung richtet sich daher nicht nur an Frauen, die eine Vollerwerbsgr\u00fcndung anstreben. Auch Interessentinnen, die eine Teilzeit- oder Nebenerwerbsgr\u00fcndung ins Auge fassen, kommen in diesem Workshop auf ihre Kosten\u201c, erkl\u00e4rt Melanie Bonacker, Beauftragte f\u00fcr Chancengleichheit am Arbeitsmarkt in der Agentur f\u00fcr Arbeit.<br \/>\nDas Seminar findet von 9 bis 12 Uhr im Gruppenraum des Berufsinformationszentrums der Agentur f\u00fcr Arbeit in Fulda (Rangstr. 4, Eingang \u00fcber Gambettagasse) statt. Aufgrund der begrenzten Teilnehmerzahl ist eine Anmeldung erforderlich.<br \/>\nKontakt<br \/>\nTelefon: +49 6621 209 543<br \/>\nE-Mail: BadHersfeld-Fulda.BCA@arbeitsagentur.de<\/p>\n","protected":false},"excerpt":{"rendered":"<div class=\"tmnf_excerpt\"><p>Interessierte Frauen haben am 17. September in der Fuldaer Arbeitsagentur die M\u00f6glichkeit, an einem Workshop zum Thema Existenzgr\u00fcndung teilzunehmen. Referentin Georgia Wolf beleuchtet alle wichtigen Dinge die Frau auf ihrem Weg von der Gesch\u00e4ftsidee zur Unternehmerin beachten sollte. Die Finanzexpertin zeigt F\u00f6rderm\u00f6glichkeiten auf und weist auf m\u00f6gliche Hindernisse hin. Er\u00f6rtert werden neben den rechtlichen Grundlagen &hellip;<\/p>\n<\/div>","protected":false},"author":1,"featured_media":0,"comment_status":"closed","ping_status":"closed","sticky":false,"template":"","format":"standard","meta":{"footnotes":""},"categories":[53],"tags":[],"class_list":["post-142830","post","type-post","status-publish","format-standard","hentry","category-bildung"],"_links":{"self":[{"href":"https:\/\/www.fuldaernachrichten.de\/index.php?rest_route=\/wp\/v2\/posts\/142830","targetHints":{"allow":["GET"]}}],"collection":[{"href":"https:\/\/www.fuldaernachrichten.de\/index.php?rest_route=\/wp\/v2\/posts"}],"about":[{"href":"https:\/\/www.fuldaernachrichten.de\/index.php?rest_route=\/wp\/v2\/types\/post"}],"author":[{"embeddable":true,"href":"https:\/\/www.fuldaernachrichten.de\/index.php?rest_route=\/wp\/v2\/users\/1"}],"replies":[{"embeddable":true,"href":"https:\/\/www.fuldaernachrichten.de\/index.php?rest_route=%2Fwp%2Fv2%2Fcomments&post=142830"}],"version-history":[{"count":1,"href":"https:\/\/www.fuldaernachrichten.de\/index.php?rest_route=\/wp\/v2\/posts\/142830\/revisions"}],"predecessor-version":[{"id":142831,"href":"https:\/\/www.fuldaernachrichten.de\/index.php?rest_route=\/wp\/v2\/posts\/142830\/revisions\/142831"}],"wp:attachment":[{"href":"https:\/\/www.fuldaernachrichten.de\/index.php?rest_route=%2Fwp%2Fv2%2Fmedia&parent=142830"}],"wp:term":[{"taxonomy":"category","embeddable":true,"href":"https:\/\/www.fuldaernachrichten.de\/index.php?rest_route=%2Fwp%2Fv2%2Fcategories&post=142830"},{"taxonomy":"post_tag","embeddable":true,"href":"https:\/\/www.fuldaernachrichten.de\/index.php?rest_route=%2Fwp%2Fv2%2Ftags&post=142830"}],"curies":[{"name":"wp","href":"https:\/\/api.w.org\/{rel}","templated":true}]}}