{"id":142757,"date":"2015-09-08T21:52:09","date_gmt":"2015-09-08T19:52:09","guid":{"rendered":"http:\/\/www.fuldaer-nachrichten.de\/?p=142757"},"modified":"2015-09-08T21:52:09","modified_gmt":"2015-09-08T19:52:09","slug":"locker-leichte-franzoesische-komoedie-verstehen-sie-die-beliers-im-antoniusheim-fulda","status":"publish","type":"post","link":"https:\/\/www.fuldaernachrichten.de\/?p=142757","title":{"rendered":"Locker-leichte franz\u00f6sische Kom\u00f6die \u201eVERSTEHEN SIE DIE B\u00c3\u02c6LIERS ?\u201c im Antoniusheim Fulda"},"content":{"rendered":"<p>Im Kino in der Festscheune des Antoniusheims in Fulda (An St. Kathrin 4) l\u00e4uft am Donnerstag, 17. September und am Freitag, 18. September 2015 jeweils um 20 Uhr (Einlass ab 19.15 Uhr) die wundervolle Kom\u00f6die \u201eVERSTEHEN SIE DIE B\u00c3\u02c6LIERS ?\u201c.<\/p>\n<p>Bis Mai zeigt die Reihe au\u00dfergew\u00f6hnliche Filme auf Leinwand.<br \/>\nVeranstalter ist Thomas Bayer, PR &amp; Filmevents, mit freundlicher Unterst\u00fctzung des Antoniusheims Fulda.<br \/>\nBesucher sollten sich eine dicke Sitzauflage mitbringen.<\/p>\n<p>Nach ZIEMLICH BESTE FREUNDE die neue Feel-Good Kom\u00f6die aus Frankreich (dort mit \u00fcber 5,5 Mio. begeisterten Zuschauern !).<br \/>\nDie B\u00e9liers sind keine ganz gew\u00f6hnliche Familie. Mancher im verschlafenen Ort Lassay mag die Vier sogar f\u00fcr verr\u00fcckt oder zumindest f\u00fcr ein wenig durchgeknallt halten.<br \/>\nSie betreiben liebevoll eine kleine Landwirtschaft, doch ihre ganze Leidenschaft steckt in der K\u00e4seherstellung. Ihre k\u00f6stlichen Produkte bieten sie auf dem Wochenmarkt an. Hier ist Mutter Gigi f\u00fcrs L\u00e4cheln zust\u00e4ndig, Tochter Paula f\u00fcrs Reden und Verkaufen.<br \/>\nZudem machen sie gerne Bl\u00f6dsinn. So nennt Vater Rodolphe (Francois Damiens) das neue K\u00e4lbchen kurzerhand \u201eObama\u201c.<br \/>\nRodolphe, Gigi und ihr Sohn Quentin sind taubstumm, Paula nicht. Sie ist sozusagen ihre Verbindung zur h\u00f6renden Welt.<br \/>\nPaula hat deshalb viel zu tun und ist in der Schule in Sch\u00f6nling Gabriel verliebt. In der Chor-AG entdeckt der desillusionierte Chorleiter Thomasson ihr au\u00dfergew\u00f6hnliches Talent und f\u00f6rdert sie. Sie soll nach der Schulauff\u00fchrung in Paris Gesang studieren.<br \/>\nVERSTEHEN SIE DIE B\u00c3\u2030LIERS ist eine zauberhaft liebenswerte Kom\u00f6die. Man kommt aus dem Lachen nicht mehr heraus. Der Film ist warmherzig und weise. Wer ihn verpasst ist selbst schuld !<\/p>\n<p>Tickets gibt es im VVK f\u00fcr 6 \u00e2\u201a\u00ac im Antonius-Laden (Severiberg) und an der Abendkasse f\u00fcr 7 \u00e2\u201a\u00ac (Nur an der Abendkasse: Sch\u00fcler und Studenten 5,50 \u00e2\u201a\u00ac).<br \/>\nInfos zu den Kinoveranstaltungen gibt es auch unter Tel. 0 66 58 \/ 91 86 03.<\/p>\n","protected":false},"excerpt":{"rendered":"<div class=\"tmnf_excerpt\"><p>Im Kino in der Festscheune des Antoniusheims in Fulda (An St. Kathrin 4) l\u00e4uft am Donnerstag, 17. September und am Freitag, 18. September 2015 jeweils um 20 Uhr (Einlass ab 19.15 Uhr) die wundervolle Kom\u00f6die \u201eVERSTEHEN SIE DIE B\u00c3\u02c6LIERS ?\u201c. Bis Mai zeigt die Reihe au\u00dfergew\u00f6hnliche Filme auf Leinwand. Veranstalter ist Thomas Bayer, PR &amp; &hellip;<\/p>\n<\/div>","protected":false},"author":1,"featured_media":142763,"comment_status":"closed","ping_status":"closed","sticky":false,"template":"","format":"standard","meta":{"footnotes":""},"categories":[44],"tags":[],"class_list":["post-142757","post","type-post","status-publish","format-standard","has-post-thumbnail","hentry","category-kultur"],"_links":{"self":[{"href":"https:\/\/www.fuldaernachrichten.de\/index.php?rest_route=\/wp\/v2\/posts\/142757","targetHints":{"allow":["GET"]}}],"collection":[{"href":"https:\/\/www.fuldaernachrichten.de\/index.php?rest_route=\/wp\/v2\/posts"}],"about":[{"href":"https:\/\/www.fuldaernachrichten.de\/index.php?rest_route=\/wp\/v2\/types\/post"}],"author":[{"embeddable":true,"href":"https:\/\/www.fuldaernachrichten.de\/index.php?rest_route=\/wp\/v2\/users\/1"}],"replies":[{"embeddable":true,"href":"https:\/\/www.fuldaernachrichten.de\/index.php?rest_route=%2Fwp%2Fv2%2Fcomments&post=142757"}],"version-history":[{"count":1,"href":"https:\/\/www.fuldaernachrichten.de\/index.php?rest_route=\/wp\/v2\/posts\/142757\/revisions"}],"predecessor-version":[{"id":142764,"href":"https:\/\/www.fuldaernachrichten.de\/index.php?rest_route=\/wp\/v2\/posts\/142757\/revisions\/142764"}],"wp:featuredmedia":[{"embeddable":true,"href":"https:\/\/www.fuldaernachrichten.de\/index.php?rest_route=\/wp\/v2\/media\/142763"}],"wp:attachment":[{"href":"https:\/\/www.fuldaernachrichten.de\/index.php?rest_route=%2Fwp%2Fv2%2Fmedia&parent=142757"}],"wp:term":[{"taxonomy":"category","embeddable":true,"href":"https:\/\/www.fuldaernachrichten.de\/index.php?rest_route=%2Fwp%2Fv2%2Fcategories&post=142757"},{"taxonomy":"post_tag","embeddable":true,"href":"https:\/\/www.fuldaernachrichten.de\/index.php?rest_route=%2Fwp%2Fv2%2Ftags&post=142757"}],"curies":[{"name":"wp","href":"https:\/\/api.w.org\/{rel}","templated":true}]}}