{"id":142750,"date":"2015-09-07T12:14:35","date_gmt":"2015-09-07T10:14:35","guid":{"rendered":"http:\/\/www.fuldaer-nachrichten.de\/?p=142750"},"modified":"2015-09-07T12:14:35","modified_gmt":"2015-09-07T10:14:35","slug":"wie-wird-mein-berufsabschluss-deutsch-qualifizierungsberatung-in-der-arbeitsagentur-am-09-september","status":"publish","type":"post","link":"https:\/\/www.fuldaernachrichten.de\/?p=142750","title":{"rendered":"Wie wird mein Berufsabschluss deutsch?  Qualifizierungsberatung in der Arbeitsagentur am 09. September"},"content":{"rendered":"<p>Die Arbeitsagentur Fulda bietet in den n\u00e4chsten Monaten regelm\u00e4\u00dfig Beratungstermine zu Qualifizierungsm\u00f6glichkeiten bez\u00fcglich im Ausland erworbener Berufsabschl\u00fcsse an. Hubert Gulde vom IQ Landesnetzwerk Hessen steht Ratsuchenden zur Verf\u00fcgung, wenn es um Anpassungsqualifizierungen bzw. Ausgleichsma\u00dfnahmen zu im Ausland erworbenen Berufsabschl\u00fcssen geht. Ziel ist es, die Chancen auf eine zu ihrer Qualifikation passende Besch\u00e4ftigung zu erh\u00f6hen.<\/p>\n<p>Die Qualifizierungsberatung umfasst unter anderem die Hilfestellung bei der Beurteilung von Anerkennungsbescheiden und deren Konsequenzen f\u00fcr den Qualifizierungsweg der Ratsuchenden. Beispielsweise, wenn nur eine \u201eteilweise Gleichwertigkeit\u201c mit dem deutschen Referenzberuf festgestellt wurde und im Bescheid Auflagen formuliert sind, um die volle Anerkennung zu erreichen.<\/p>\n<p>Au\u00dferdem erf\u00e4hrt der oder die Ratsuchende, welche Qualifizierungen passend sind, wo Sprachkurse und Ma\u00dfnahmen stattfinden und wie die Finanzierung aussehen k\u00f6nnte.<br \/>\nAls n\u00e4chster Termin f\u00fcr die Beratung ist Mittwoch, der 09. September, vorgesehen. Die offene Sprechstunde findet in der Arbeitsagentur in Fulda, Rangstr. 4, Zimmer 1.169, von 10 bis 13 Uhr statt. Informationen sind erh\u00e4ltlich bei Hubert Gulde, Tel. 0561\/73994351.<\/p>\n","protected":false},"excerpt":{"rendered":"<div class=\"tmnf_excerpt\"><p>Die Arbeitsagentur Fulda bietet in den n\u00e4chsten Monaten regelm\u00e4\u00dfig Beratungstermine zu Qualifizierungsm\u00f6glichkeiten bez\u00fcglich im Ausland erworbener Berufsabschl\u00fcsse an. Hubert Gulde vom IQ Landesnetzwerk Hessen steht Ratsuchenden zur Verf\u00fcgung, wenn es um Anpassungsqualifizierungen bzw. Ausgleichsma\u00dfnahmen zu im Ausland erworbenen Berufsabschl\u00fcssen geht. Ziel ist es, die Chancen auf eine zu ihrer Qualifikation passende Besch\u00e4ftigung zu erh\u00f6hen. Die &hellip;<\/p>\n<\/div>","protected":false},"author":1,"featured_media":0,"comment_status":"closed","ping_status":"closed","sticky":false,"template":"","format":"standard","meta":{"footnotes":""},"categories":[53],"tags":[],"class_list":["post-142750","post","type-post","status-publish","format-standard","hentry","category-bildung"],"_links":{"self":[{"href":"https:\/\/www.fuldaernachrichten.de\/index.php?rest_route=\/wp\/v2\/posts\/142750","targetHints":{"allow":["GET"]}}],"collection":[{"href":"https:\/\/www.fuldaernachrichten.de\/index.php?rest_route=\/wp\/v2\/posts"}],"about":[{"href":"https:\/\/www.fuldaernachrichten.de\/index.php?rest_route=\/wp\/v2\/types\/post"}],"author":[{"embeddable":true,"href":"https:\/\/www.fuldaernachrichten.de\/index.php?rest_route=\/wp\/v2\/users\/1"}],"replies":[{"embeddable":true,"href":"https:\/\/www.fuldaernachrichten.de\/index.php?rest_route=%2Fwp%2Fv2%2Fcomments&post=142750"}],"version-history":[{"count":1,"href":"https:\/\/www.fuldaernachrichten.de\/index.php?rest_route=\/wp\/v2\/posts\/142750\/revisions"}],"predecessor-version":[{"id":142753,"href":"https:\/\/www.fuldaernachrichten.de\/index.php?rest_route=\/wp\/v2\/posts\/142750\/revisions\/142753"}],"wp:attachment":[{"href":"https:\/\/www.fuldaernachrichten.de\/index.php?rest_route=%2Fwp%2Fv2%2Fmedia&parent=142750"}],"wp:term":[{"taxonomy":"category","embeddable":true,"href":"https:\/\/www.fuldaernachrichten.de\/index.php?rest_route=%2Fwp%2Fv2%2Fcategories&post=142750"},{"taxonomy":"post_tag","embeddable":true,"href":"https:\/\/www.fuldaernachrichten.de\/index.php?rest_route=%2Fwp%2Fv2%2Ftags&post=142750"}],"curies":[{"name":"wp","href":"https:\/\/api.w.org\/{rel}","templated":true}]}}