{"id":142747,"date":"2015-09-07T11:03:36","date_gmt":"2015-09-07T09:03:36","guid":{"rendered":"http:\/\/www.fuldaer-nachrichten.de\/?p=142747"},"modified":"2015-09-07T11:03:36","modified_gmt":"2015-09-07T09:03:36","slug":"junger-kammerchor-ostwuerttemberg-gastiert-in-der-christuskirche","status":"publish","type":"post","link":"https:\/\/www.fuldaernachrichten.de\/?p=142747","title":{"rendered":"Junger Kammerchor Ostw\u00fcrttemberg gastiert in der Christuskirche"},"content":{"rendered":"<p>Am Freitag 11. September, 19 Uhr gastiert der junge Kammerchor Ostw\u00fcrttemberg in der Christuskirche Fulda. Der Junge Kammerchor Ostw\u00fcrttemberg (JKO) ist ein klassischer A-Cappella Chor, der j\u00e4hrlich zwei Projekte mit weltlichen und geistlichen Inhalten aller Epochen durchf\u00fchrt. Die S\u00e4ngerinnen und S\u00e4nger begeistern die Konzertbesucher durch ihre jugendliche nat\u00fcrliche Ausstrahlung und ihre kammermusikalische Perfektion.<\/p>\n<p>Regelm\u00e4\u00dfig gibt es Probenphasen und Konzerte in Ausland. Der Chor war zum Beispiel in Italien, S\u00fcdfrankreich, Finnland und Tschechien. \u201eF\u00fcr uns!\u201c singt der Junge Kammerchor Ostw\u00fcrttemberg (JKO) bei seinen Konzerten im Herbst 2015. Hinter diesem Konzerttitel verbirgt sich eine Programmidee der ausgew\u00e4hlten A-Cappella-Werke. Vielf\u00e4ltig ist der Bezug der Kompositionen zu Jesu Christi Opfertod, zugleich aber auch zu hingebungsvoller Liebe.<\/p>\n<p>Jetzt hoffen die beiden Chorleiter Maddalena Ernst und Thomas Baur nat\u00fcrlich, dass ihr Chor nicht nur f\u00fcr sich selbst singen muss, sondern beim Konzert am Freitag, 11. September 2015 in der Evangelischen Christuskirche in Fulda auch viele Zuh\u00f6rer anlockt.<\/p>\n<p>Die Programmauswahl reicht mit Thomas Tallis zur\u00fcck bis ins 16. Jahrhundert und f\u00fchrt \u00fcber die barocke Klangpracht des Antonio Lotti zu den Romantikern Felix Mendelssohn-Bartholdy, Anton Bruckner, Albert Becker, Ludvig Normann und Max Bruch. Das 20. Jahrhundert einschlie\u00dflich einiger Zeitgenossen repr\u00e4sentieren Werke von Gy\u00f6rgy Orban, Rihards Dubra, Wolfram Buchenberg, Johann Nepomuk David und Connor Koppin.<\/p>\n<p>Der Eintritt zu den Konzerten ist frei. Der Chor bittet um Spenden, die einen Teil der Kosten decken.<\/p>\n","protected":false},"excerpt":{"rendered":"<div class=\"tmnf_excerpt\"><p>Am Freitag 11. September, 19 Uhr gastiert der junge Kammerchor Ostw\u00fcrttemberg in der Christuskirche Fulda. Der Junge Kammerchor Ostw\u00fcrttemberg (JKO) ist ein klassischer A-Cappella Chor, der j\u00e4hrlich zwei Projekte mit weltlichen und geistlichen Inhalten aller Epochen durchf\u00fchrt. Die S\u00e4ngerinnen und S\u00e4nger begeistern die Konzertbesucher durch ihre jugendliche nat\u00fcrliche Ausstrahlung und ihre kammermusikalische Perfektion. Regelm\u00e4\u00dfig gibt &hellip;<\/p>\n<\/div>","protected":false},"author":1,"featured_media":0,"comment_status":"closed","ping_status":"closed","sticky":false,"template":"","format":"standard","meta":{"footnotes":""},"categories":[50,44],"tags":[],"class_list":["post-142747","post","type-post","status-publish","format-standard","hentry","category-kirche","category-kultur"],"_links":{"self":[{"href":"https:\/\/www.fuldaernachrichten.de\/index.php?rest_route=\/wp\/v2\/posts\/142747","targetHints":{"allow":["GET"]}}],"collection":[{"href":"https:\/\/www.fuldaernachrichten.de\/index.php?rest_route=\/wp\/v2\/posts"}],"about":[{"href":"https:\/\/www.fuldaernachrichten.de\/index.php?rest_route=\/wp\/v2\/types\/post"}],"author":[{"embeddable":true,"href":"https:\/\/www.fuldaernachrichten.de\/index.php?rest_route=\/wp\/v2\/users\/1"}],"replies":[{"embeddable":true,"href":"https:\/\/www.fuldaernachrichten.de\/index.php?rest_route=%2Fwp%2Fv2%2Fcomments&post=142747"}],"version-history":[{"count":1,"href":"https:\/\/www.fuldaernachrichten.de\/index.php?rest_route=\/wp\/v2\/posts\/142747\/revisions"}],"predecessor-version":[{"id":142748,"href":"https:\/\/www.fuldaernachrichten.de\/index.php?rest_route=\/wp\/v2\/posts\/142747\/revisions\/142748"}],"wp:attachment":[{"href":"https:\/\/www.fuldaernachrichten.de\/index.php?rest_route=%2Fwp%2Fv2%2Fmedia&parent=142747"}],"wp:term":[{"taxonomy":"category","embeddable":true,"href":"https:\/\/www.fuldaernachrichten.de\/index.php?rest_route=%2Fwp%2Fv2%2Fcategories&post=142747"},{"taxonomy":"post_tag","embeddable":true,"href":"https:\/\/www.fuldaernachrichten.de\/index.php?rest_route=%2Fwp%2Fv2%2Ftags&post=142747"}],"curies":[{"name":"wp","href":"https:\/\/api.w.org\/{rel}","templated":true}]}}