{"id":142710,"date":"2015-09-05T06:37:49","date_gmt":"2015-09-05T04:37:49","guid":{"rendered":"http:\/\/www.fuldaer-nachrichten.de\/?p=142710"},"modified":"2015-09-05T06:37:49","modified_gmt":"2015-09-05T04:37:49","slug":"theorie-trifft-praxis-medizinstudenten-auf-schnupperexkursion","status":"publish","type":"post","link":"https:\/\/www.fuldaernachrichten.de\/?p=142710","title":{"rendered":"Theorie trifft Praxis &#8211; Medizinstudenten auf Schnupperexkursion"},"content":{"rendered":"<p><strong>In der vergangenen Woche bekam die Tomesa Fachklinik in Bad Salzschlirf Besuch von einer Gruppe Medizinstudenten, die sich einen Einblick in den Alltag der Rehabilitationseinrichtung verschaffen wollten. Die Klinik stellt mit der einzigartigen Balneophototherapie die Wasser- und Lichtverh\u00e4ltnisse des Toten Meeres nach und geh\u00f6rt damit zu den f\u00fchrenden Kliniken weltweit bei der nat\u00fcrlichen und ganzheitlichen Behandlung von Schuppenflechte (Psoriasis) und Neurodermitis.<\/strong><\/p>\n<p>&nbsp;<\/p>\n<p>Initiiert und begleitet wurde die Exkursion von Prof. Dr. Uwe Lange, dem renommierten Professor f\u00fcr Rheumatologie, Osteologie und Physikalische Medizin an der Justus-Liebig-Universit\u00e4t in Gie\u00dfen. Der auch international bekannte Mediziner ist Vorstand der Deutschen Gesellschaft f\u00fcr Physikalische Medizin und Rehabilitation sowie gleichzeitig Sprecher des Arbeitskreises REHA der Deutschen Gesellschaft f\u00fcr Osteologie. Im Jahre 2007 wurde ihm als erstem Mediziner vom Hessischen Ministerium f\u00fcr Wissenschaft und Kunst der Preis \u201eExzellenz in der Lehre\u201c verliehen.<\/p>\n<p>&nbsp;<\/p>\n<p>Die Gruppe wurde begr\u00fc\u00dft durch Gesch\u00e4ftsf\u00fchrer Armin Faber und Prof. Dr. Klaus-Dieter Hinsch, der mit seinem Vortrag \u00fcber das Thema \u201eRehabilitation in der Dermatologie\u201c die Zuh\u00f6rer f\u00f6rmlich in seinen Bann zog. Anschlie\u00dfend ging es f\u00fcr die Gruppe weiter zu einem Rundgang durch s\u00e4mtliche Abteilungen. Ob in der B\u00e4derabteilung und der Lichtabteilung, den beiden Behandlungsschwerpunkten der Fachklinik, erhielten die zuk\u00fcnftigen Mediziner auch Einblick in die ganzheitliche Therapie, die neben den dermatologischen Behandlungen auch die psychologische Beratung, krankheitsbezogene Gesundheitsaufkl\u00e4rung und Ern\u00e4hrungsschulungen als wichtige Elemente der Rehabilitation und Pr\u00e4vention beinhalten. Abschlie\u00dfend zeigten sich alle Beteiligten begeistert von der Exkursion und Marketingdirektor Martin Erhardt denkt mit den Verantwortlichen bereits jetzt \u00fcber eine Wiederholung im kommenden Jahr nach.<\/p>\n<p>&nbsp;<\/p>\n<p>Die TOMESA FACHKLINIK wurde 1982 gegr\u00fcndet und ist auf die Behandlung von Hautkrankheiten (Psoriasis, Neurodermitis) sowie auf die Fachbereiche Allergologie, Orthop\u00e4die und Rheumatologie spezialisiert. Bei der einzigartigen Balneophototherapie werden Sonne und Salzwasser des Toten Meeres nach einem patentierten Verfahren nachgestellt.<\/p>\n<p>&nbsp;<\/p>\n<p>Die TOMESA FACHKLINIK steht unter ganzt\u00e4giger fach\u00e4rztlicher Leitung. Ein Team erfahrener \u00c4rzte, Psychologen, Physiotherapeuten, Masseure und Sporttherapeuten sowie Ern\u00e4hrungsfachkr\u00e4ften betreut unsere station\u00e4ren und ambulanten Patienten.<\/p>\n<p>&nbsp;<\/p>\n<p>Die TOMESA FACHKLINIK hat einen Versorgungsvertrag mit allen gesetzlichen Krankenkassen. Sie ist au\u00dferdem Vertragshaus der Deutschen Rentenversicherung und wird von allen Rentenversicherern der L\u00e4nder belegt. F\u00fcr die privaten Krankenversicherer wird sie als Fachklinik anerkannt und erbringt medizinische Leistungen die der Krankenhausbehandlungen vergleichbar sind.<\/p>\n","protected":false},"excerpt":{"rendered":"<div class=\"tmnf_excerpt\"><p>In der vergangenen Woche bekam die Tomesa Fachklinik in Bad Salzschlirf Besuch von einer Gruppe Medizinstudenten, die sich einen Einblick in den Alltag der Rehabilitationseinrichtung verschaffen wollten. Die Klinik stellt mit der einzigartigen Balneophototherapie die Wasser- und Lichtverh\u00e4ltnisse des Toten Meeres nach und geh\u00f6rt damit zu den f\u00fchrenden Kliniken weltweit bei der nat\u00fcrlichen und ganzheitlichen &hellip;<\/p>\n<\/div>","protected":false},"author":1,"featured_media":142719,"comment_status":"closed","ping_status":"closed","sticky":false,"template":"","format":"standard","meta":{"footnotes":""},"categories":[53,51],"tags":[],"class_list":["post-142710","post","type-post","status-publish","format-standard","has-post-thumbnail","hentry","category-bildung","category-medizin"],"_links":{"self":[{"href":"https:\/\/www.fuldaernachrichten.de\/index.php?rest_route=\/wp\/v2\/posts\/142710","targetHints":{"allow":["GET"]}}],"collection":[{"href":"https:\/\/www.fuldaernachrichten.de\/index.php?rest_route=\/wp\/v2\/posts"}],"about":[{"href":"https:\/\/www.fuldaernachrichten.de\/index.php?rest_route=\/wp\/v2\/types\/post"}],"author":[{"embeddable":true,"href":"https:\/\/www.fuldaernachrichten.de\/index.php?rest_route=\/wp\/v2\/users\/1"}],"replies":[{"embeddable":true,"href":"https:\/\/www.fuldaernachrichten.de\/index.php?rest_route=%2Fwp%2Fv2%2Fcomments&post=142710"}],"version-history":[{"count":1,"href":"https:\/\/www.fuldaernachrichten.de\/index.php?rest_route=\/wp\/v2\/posts\/142710\/revisions"}],"predecessor-version":[{"id":142720,"href":"https:\/\/www.fuldaernachrichten.de\/index.php?rest_route=\/wp\/v2\/posts\/142710\/revisions\/142720"}],"wp:featuredmedia":[{"embeddable":true,"href":"https:\/\/www.fuldaernachrichten.de\/index.php?rest_route=\/wp\/v2\/media\/142719"}],"wp:attachment":[{"href":"https:\/\/www.fuldaernachrichten.de\/index.php?rest_route=%2Fwp%2Fv2%2Fmedia&parent=142710"}],"wp:term":[{"taxonomy":"category","embeddable":true,"href":"https:\/\/www.fuldaernachrichten.de\/index.php?rest_route=%2Fwp%2Fv2%2Fcategories&post=142710"},{"taxonomy":"post_tag","embeddable":true,"href":"https:\/\/www.fuldaernachrichten.de\/index.php?rest_route=%2Fwp%2Fv2%2Ftags&post=142710"}],"curies":[{"name":"wp","href":"https:\/\/api.w.org\/{rel}","templated":true}]}}