{"id":142684,"date":"2015-09-03T06:43:58","date_gmt":"2015-09-03T04:43:58","guid":{"rendered":"http:\/\/www.fuldaer-nachrichten.de\/?p=142684"},"modified":"2015-09-03T06:43:58","modified_gmt":"2015-09-03T04:43:58","slug":"start-der-neuen-auszubildenden-und-praktikanten-ins-caritas-berufsleben","status":"publish","type":"post","link":"https:\/\/www.fuldaernachrichten.de\/?p=142684","title":{"rendered":"Start der neuen Auszubildenden und Praktikanten ins Caritas-Berufsleben"},"content":{"rendered":"<p>Das Sommerende 2015 markiert f\u00fcr eine ganze Reihe von jungen Menschen aus der Region Fulda den Start ins Berufsleben bei der Caritas: Die neuen Auszubildenden, Praktikanten, Bundesfreiwilligen und FSJ-ler trafen sich zu einem gemeinsamen Foto auf dem Domplatz, nahe der Caritas Gesch\u00e4ftsstelle. Die offizielle Begr\u00fc\u00dfung nahmen Di\u00f6zesan-Caritasdirektor Dr. Markus Juch, Vorstandsmitglied Malte Crome und der Caritas-Aufsichtsratsvorsitzende Msgr. Elmar Gurk vor. Diese w\u00fcnschten allen Caritas-Neulingen in ihren jeweiligen Arbeitsfeldern der Alten-, Behinderten- und der Kinder- und Jugendhilfe sowie in der Verwaltung einen guten Start und viel Erfolg. An der Begr\u00fc\u00dfung nahmen auch die Ausbilder der Kaufm\u00e4nnischen Auszubildenden Werner Jahn und Christoph Hosenfeld, sowie Mathias Kielenz vom Berufsbildungsbereich der Caritas Werkst\u00e4tten und der Vorsitzende der Mitarbeitervertretung des Caritasverbandes f\u00fcr die Di\u00f6zese Fulda, Franz J. Meyer, teil.<\/p>\n<p>Das Gruppenfoto mit den Caritas-Neulingen, den Vertretern der Verbandsleitung und den Ausbildungsverantwortlichen entstand auf den Treppen zum Domplatz.<\/p>\n","protected":false},"excerpt":{"rendered":"<div class=\"tmnf_excerpt\"><p>Das Sommerende 2015 markiert f\u00fcr eine ganze Reihe von jungen Menschen aus der Region Fulda den Start ins Berufsleben bei der Caritas: Die neuen Auszubildenden, Praktikanten, Bundesfreiwilligen und FSJ-ler trafen sich zu einem gemeinsamen Foto auf dem Domplatz, nahe der Caritas Gesch\u00e4ftsstelle. Die offizielle Begr\u00fc\u00dfung nahmen Di\u00f6zesan-Caritasdirektor Dr. Markus Juch, Vorstandsmitglied Malte Crome und der &hellip;<\/p>\n<\/div>","protected":false},"author":1,"featured_media":142687,"comment_status":"closed","ping_status":"closed","sticky":false,"template":"","format":"standard","meta":{"footnotes":""},"categories":[53,50],"tags":[],"class_list":["post-142684","post","type-post","status-publish","format-standard","has-post-thumbnail","hentry","category-bildung","category-kirche"],"_links":{"self":[{"href":"https:\/\/www.fuldaernachrichten.de\/index.php?rest_route=\/wp\/v2\/posts\/142684","targetHints":{"allow":["GET"]}}],"collection":[{"href":"https:\/\/www.fuldaernachrichten.de\/index.php?rest_route=\/wp\/v2\/posts"}],"about":[{"href":"https:\/\/www.fuldaernachrichten.de\/index.php?rest_route=\/wp\/v2\/types\/post"}],"author":[{"embeddable":true,"href":"https:\/\/www.fuldaernachrichten.de\/index.php?rest_route=\/wp\/v2\/users\/1"}],"replies":[{"embeddable":true,"href":"https:\/\/www.fuldaernachrichten.de\/index.php?rest_route=%2Fwp%2Fv2%2Fcomments&post=142684"}],"version-history":[{"count":1,"href":"https:\/\/www.fuldaernachrichten.de\/index.php?rest_route=\/wp\/v2\/posts\/142684\/revisions"}],"predecessor-version":[{"id":142694,"href":"https:\/\/www.fuldaernachrichten.de\/index.php?rest_route=\/wp\/v2\/posts\/142684\/revisions\/142694"}],"wp:featuredmedia":[{"embeddable":true,"href":"https:\/\/www.fuldaernachrichten.de\/index.php?rest_route=\/wp\/v2\/media\/142687"}],"wp:attachment":[{"href":"https:\/\/www.fuldaernachrichten.de\/index.php?rest_route=%2Fwp%2Fv2%2Fmedia&parent=142684"}],"wp:term":[{"taxonomy":"category","embeddable":true,"href":"https:\/\/www.fuldaernachrichten.de\/index.php?rest_route=%2Fwp%2Fv2%2Fcategories&post=142684"},{"taxonomy":"post_tag","embeddable":true,"href":"https:\/\/www.fuldaernachrichten.de\/index.php?rest_route=%2Fwp%2Fv2%2Ftags&post=142684"}],"curies":[{"name":"wp","href":"https:\/\/api.w.org\/{rel}","templated":true}]}}