{"id":142655,"date":"2015-09-03T06:11:16","date_gmt":"2015-09-03T04:11:16","guid":{"rendered":"http:\/\/www.fuldaer-nachrichten.de\/?p=142655"},"modified":"2015-09-03T06:11:16","modified_gmt":"2015-09-03T04:11:16","slug":"neues-von-der-vhs-vogelsberg-7","status":"publish","type":"post","link":"https:\/\/www.fuldaernachrichten.de\/?p=142655","title":{"rendered":"Neues von der vhs Vogelsberg"},"content":{"rendered":"<p>\u201eBin ich zu feinf\u00fchlig und sensibel?\u201c\u00c2\u00a0 &#8211; Die Volkshochschule des Vogelsbergkreises bietet ab Donnerstag, 17. September, von 19 bis 21 Uhr in der vhs Lauterbach, Obergasse 44, einen Kurs \u201eBin ich zu feinf\u00fchlig und sensibel?\u201c unter Leitung von Anne Wahl an.<\/p>\n<p>15 bis 20 Prozent der Menschen in unserer Gesellschaft sind feinf\u00fchliger und sensibler als der Rest der Bev\u00f6lkerung. Dies ist eine besondere Gabe, da diese Menschen wesentlich empfindsamer sind als der Durchschnitt. Sie sind aufmerksamer, verarbeiten alles aus ihrer Umwelt tiefer und werden auch von \u00e4u\u00dferen Einfl\u00fcssen leichter irritiert und verunsichert. Im heutigen hektischen Alltag f\u00fchlen sie sich schnell \u00fcberfordert und unverstanden.<br \/>\nIn diesem Kurs wollen die Teilnehmenden herausfinden, wie jeder einzelne diese Gabe f\u00fcr sich einsetzen kann und besprechen, was sie gegen \u00dcberforderung tun und gut f\u00fcr sich sorgen k\u00f6nnen. Es werden wertvolle und hilfreiche Hintergr\u00fcnde, Informationen, Tipps und Erfahrungen ausgetauscht, um sich selbst und andere besser verstehen zu lernen.<\/p>\n<p>Weitere Informationen und Anmeldung bis 11. September bei der vhs, F\u00e4rbergasse 2, 36304 Alsfeld, Tel. 06631 792-7730, oder im Internet unter www.vhs-vogelsberg.de.<\/p>\n","protected":false},"excerpt":{"rendered":"<div class=\"tmnf_excerpt\"><p>\u201eBin ich zu feinf\u00fchlig und sensibel?\u201c\u00c2\u00a0 &#8211; Die Volkshochschule des Vogelsbergkreises bietet ab Donnerstag, 17. September, von 19 bis 21 Uhr in der vhs Lauterbach, Obergasse 44, einen Kurs \u201eBin ich zu feinf\u00fchlig und sensibel?\u201c unter Leitung von Anne Wahl an. 15 bis 20 Prozent der Menschen in unserer Gesellschaft sind feinf\u00fchliger und sensibler als &hellip;<\/p>\n<\/div>","protected":false},"author":1,"featured_media":0,"comment_status":"closed","ping_status":"closed","sticky":false,"template":"","format":"standard","meta":{"footnotes":""},"categories":[53],"tags":[],"class_list":["post-142655","post","type-post","status-publish","format-standard","hentry","category-bildung"],"_links":{"self":[{"href":"https:\/\/www.fuldaernachrichten.de\/index.php?rest_route=\/wp\/v2\/posts\/142655","targetHints":{"allow":["GET"]}}],"collection":[{"href":"https:\/\/www.fuldaernachrichten.de\/index.php?rest_route=\/wp\/v2\/posts"}],"about":[{"href":"https:\/\/www.fuldaernachrichten.de\/index.php?rest_route=\/wp\/v2\/types\/post"}],"author":[{"embeddable":true,"href":"https:\/\/www.fuldaernachrichten.de\/index.php?rest_route=\/wp\/v2\/users\/1"}],"replies":[{"embeddable":true,"href":"https:\/\/www.fuldaernachrichten.de\/index.php?rest_route=%2Fwp%2Fv2%2Fcomments&post=142655"}],"version-history":[{"count":1,"href":"https:\/\/www.fuldaernachrichten.de\/index.php?rest_route=\/wp\/v2\/posts\/142655\/revisions"}],"predecessor-version":[{"id":142657,"href":"https:\/\/www.fuldaernachrichten.de\/index.php?rest_route=\/wp\/v2\/posts\/142655\/revisions\/142657"}],"wp:attachment":[{"href":"https:\/\/www.fuldaernachrichten.de\/index.php?rest_route=%2Fwp%2Fv2%2Fmedia&parent=142655"}],"wp:term":[{"taxonomy":"category","embeddable":true,"href":"https:\/\/www.fuldaernachrichten.de\/index.php?rest_route=%2Fwp%2Fv2%2Fcategories&post=142655"},{"taxonomy":"post_tag","embeddable":true,"href":"https:\/\/www.fuldaernachrichten.de\/index.php?rest_route=%2Fwp%2Fv2%2Ftags&post=142655"}],"curies":[{"name":"wp","href":"https:\/\/api.w.org\/{rel}","templated":true}]}}