{"id":142528,"date":"2015-08-30T13:51:53","date_gmt":"2015-08-30T11:51:53","guid":{"rendered":"http:\/\/www.fuldaer-nachrichten.de\/?p=142528"},"modified":"2015-08-30T13:51:53","modified_gmt":"2015-08-30T11:51:53","slug":"vokalensemble-junge-vocalisten-laedt-ein-zum-familientag-in-altenburg","status":"publish","type":"post","link":"https:\/\/www.fuldaernachrichten.de\/?p=142528","title":{"rendered":"Vokalensemble \u201eJunge Vocalisten\u201c l\u00e4dt ein zum Familientag in Altenburg"},"content":{"rendered":"<p>Einen \u201eFamilientag\u201c veranstaltet am 6. September das Vokalensemble \u201eJunge Vocalisten\u201c. gemeinsam mit ihren S\u00e4ngerinnen und S\u00e4ngern hatte Chorleiterin Sabine Spahn die Idee, einmal etwas anderes als Chor f\u00fcr den Ort zu machen \u2013 einen Familientag in und um das evangelische Gemeindehaus. Mit vielen guten Einf\u00e4llen und viel Gesang bestreiten die Jungen Vocalisten gemeinsam mit dem Chor \u201eProTakt\u201c aus Weitershain diesen Tag. Wir stellen den Menschen in Altenburg und Umgebung einen Chor vor, der hier eher nicht bekannt ist\u201c, freut sich die musikalische Leiterin Sabine Spahn \u00fcber diese Zusammenarbeit. Und selbstverst\u00e4ndlich werden die \u201eJungen Vocalisten\u201c selbst eine Kostprobe ihrer gesanglichen Kunst darbieten: Zum Repertoire des 1999 gegr\u00fcndeten Vokalensembles geh\u00f6ren bei dieser Veranstaltung neben alten Schlagern und Chansons auch Filmmelodien und Musicalsongs \u2013 ein Vorgeschmack auf die Musical-Night des Chores im M\u00e4rz 2016. Zwischen den einzelnen Gesangsdarbietungen wird auf dem Gel\u00e4nde rund um das Gemeindehaus viel Zeit sein f\u00fcr Begegnungen und Gespr\u00e4che. Auch f\u00fcr das leibliche Wohl wird am Familientag bestens gesorgt. Nat\u00fcrlich wird besonders f\u00fcr die Kinder ein buntes Programm stattfinden, neben dem beliebten Kinderschminken haben sich die S\u00e4ngerinnen und S\u00e4nger noch allerhand ausgedacht.<br \/>\nLos geht es am Sonntag, dem 6. September um 12.30 h. Der Eintritt ist nat\u00fcrlich frei!<\/p>\n","protected":false},"excerpt":{"rendered":"<div class=\"tmnf_excerpt\"><p>Einen \u201eFamilientag\u201c veranstaltet am 6. September das Vokalensemble \u201eJunge Vocalisten\u201c. gemeinsam mit ihren S\u00e4ngerinnen und S\u00e4ngern hatte Chorleiterin Sabine Spahn die Idee, einmal etwas anderes als Chor f\u00fcr den Ort zu machen \u2013 einen Familientag in und um das evangelische Gemeindehaus. Mit vielen guten Einf\u00e4llen und viel Gesang bestreiten die Jungen Vocalisten gemeinsam mit dem &hellip;<\/p>\n<\/div>","protected":false},"author":1,"featured_media":142529,"comment_status":"closed","ping_status":"closed","sticky":false,"template":"","format":"standard","meta":{"footnotes":""},"categories":[44],"tags":[],"class_list":["post-142528","post","type-post","status-publish","format-standard","has-post-thumbnail","hentry","category-kultur"],"_links":{"self":[{"href":"https:\/\/www.fuldaernachrichten.de\/index.php?rest_route=\/wp\/v2\/posts\/142528","targetHints":{"allow":["GET"]}}],"collection":[{"href":"https:\/\/www.fuldaernachrichten.de\/index.php?rest_route=\/wp\/v2\/posts"}],"about":[{"href":"https:\/\/www.fuldaernachrichten.de\/index.php?rest_route=\/wp\/v2\/types\/post"}],"author":[{"embeddable":true,"href":"https:\/\/www.fuldaernachrichten.de\/index.php?rest_route=\/wp\/v2\/users\/1"}],"replies":[{"embeddable":true,"href":"https:\/\/www.fuldaernachrichten.de\/index.php?rest_route=%2Fwp%2Fv2%2Fcomments&post=142528"}],"version-history":[{"count":1,"href":"https:\/\/www.fuldaernachrichten.de\/index.php?rest_route=\/wp\/v2\/posts\/142528\/revisions"}],"predecessor-version":[{"id":142530,"href":"https:\/\/www.fuldaernachrichten.de\/index.php?rest_route=\/wp\/v2\/posts\/142528\/revisions\/142530"}],"wp:featuredmedia":[{"embeddable":true,"href":"https:\/\/www.fuldaernachrichten.de\/index.php?rest_route=\/wp\/v2\/media\/142529"}],"wp:attachment":[{"href":"https:\/\/www.fuldaernachrichten.de\/index.php?rest_route=%2Fwp%2Fv2%2Fmedia&parent=142528"}],"wp:term":[{"taxonomy":"category","embeddable":true,"href":"https:\/\/www.fuldaernachrichten.de\/index.php?rest_route=%2Fwp%2Fv2%2Fcategories&post=142528"},{"taxonomy":"post_tag","embeddable":true,"href":"https:\/\/www.fuldaernachrichten.de\/index.php?rest_route=%2Fwp%2Fv2%2Ftags&post=142528"}],"curies":[{"name":"wp","href":"https:\/\/api.w.org\/{rel}","templated":true}]}}