{"id":142516,"date":"2015-08-29T09:53:26","date_gmt":"2015-08-29T07:53:26","guid":{"rendered":"http:\/\/www.fuldaer-nachrichten.de\/?p=142516"},"modified":"2015-08-29T09:53:26","modified_gmt":"2015-08-29T07:53:26","slug":"russisch-fuer-geschaeftsleute","status":"publish","type":"post","link":"https:\/\/www.fuldaernachrichten.de\/?p=142516","title":{"rendered":"Russisch f\u00fcr Gesch\u00e4ftsleute"},"content":{"rendered":"<p>Die Volkshochschule des Landkreises Fulda bietet einen Russischkurs f\u00fcr Interessenten an, die mindestens zwei bis vier einen Sprachkurs besucht oder vergleichbare Kenntnisse in dieser Fremdsprache haben. Der Wortschatz aus dem Gesch\u00e4ftsalltag und Zeitschriften steht im Mittelpunkt. Der Sprachkurs beginnt am Donnerstag, 10. September, um 19 Uhr in der Grundschule Eichenzell. Infos und vorherige Anmeldung mit der Kursnummer VL4190742 unter www.vhs-fulda.de oder bei der VHS-Gesch\u00e4ftsstelle, Telefon (0661)25199-0.<\/p>\n","protected":false},"excerpt":{"rendered":"<div class=\"tmnf_excerpt\"><p>Die Volkshochschule des Landkreises Fulda bietet einen Russischkurs f\u00fcr Interessenten an, die mindestens zwei bis vier einen Sprachkurs besucht oder vergleichbare Kenntnisse in dieser Fremdsprache haben. Der Wortschatz aus dem Gesch\u00e4ftsalltag und Zeitschriften steht im Mittelpunkt. Der Sprachkurs beginnt am Donnerstag, 10. September, um 19 Uhr in der Grundschule Eichenzell. Infos und vorherige Anmeldung mit &hellip;<\/p>\n<\/div>","protected":false},"author":1,"featured_media":0,"comment_status":"closed","ping_status":"closed","sticky":false,"template":"","format":"standard","meta":{"footnotes":""},"categories":[53],"tags":[],"class_list":["post-142516","post","type-post","status-publish","format-standard","hentry","category-bildung"],"_links":{"self":[{"href":"https:\/\/www.fuldaernachrichten.de\/index.php?rest_route=\/wp\/v2\/posts\/142516","targetHints":{"allow":["GET"]}}],"collection":[{"href":"https:\/\/www.fuldaernachrichten.de\/index.php?rest_route=\/wp\/v2\/posts"}],"about":[{"href":"https:\/\/www.fuldaernachrichten.de\/index.php?rest_route=\/wp\/v2\/types\/post"}],"author":[{"embeddable":true,"href":"https:\/\/www.fuldaernachrichten.de\/index.php?rest_route=\/wp\/v2\/users\/1"}],"replies":[{"embeddable":true,"href":"https:\/\/www.fuldaernachrichten.de\/index.php?rest_route=%2Fwp%2Fv2%2Fcomments&post=142516"}],"version-history":[{"count":1,"href":"https:\/\/www.fuldaernachrichten.de\/index.php?rest_route=\/wp\/v2\/posts\/142516\/revisions"}],"predecessor-version":[{"id":142519,"href":"https:\/\/www.fuldaernachrichten.de\/index.php?rest_route=\/wp\/v2\/posts\/142516\/revisions\/142519"}],"wp:attachment":[{"href":"https:\/\/www.fuldaernachrichten.de\/index.php?rest_route=%2Fwp%2Fv2%2Fmedia&parent=142516"}],"wp:term":[{"taxonomy":"category","embeddable":true,"href":"https:\/\/www.fuldaernachrichten.de\/index.php?rest_route=%2Fwp%2Fv2%2Fcategories&post=142516"},{"taxonomy":"post_tag","embeddable":true,"href":"https:\/\/www.fuldaernachrichten.de\/index.php?rest_route=%2Fwp%2Fv2%2Ftags&post=142516"}],"curies":[{"name":"wp","href":"https:\/\/api.w.org\/{rel}","templated":true}]}}