{"id":142482,"date":"2015-08-28T22:38:10","date_gmt":"2015-08-28T20:38:10","guid":{"rendered":"http:\/\/www.fuldaer-nachrichten.de\/?p=142482"},"modified":"2015-08-28T22:38:19","modified_gmt":"2015-08-28T20:38:19","slug":"duales-studium-bei-der-sparkasse-ab-2016-kooperation-mit-der-technischen-hochschule-mittelhessen","status":"publish","type":"post","link":"https:\/\/www.fuldaernachrichten.de\/?p=142482","title":{"rendered":"Duales Studium bei der Sparkasse &#8211; Ab 2016 Kooperation mit der Technischen Hochschule Mittelhessen"},"content":{"rendered":"<p>Die Sparkasse Fulda bietet Abiturienten ab dem kommenden Jahr an, Theorie und Praxis der Kreditwirtschaft in einem dualen Betriebswirtschaftsstudium zu erlernen. Der Studiengang \u201eFinanzdienstleistungen\u201c bereitet insbesondere auf Vertrieb und Beratung im Firmenkundengesch\u00e4ft und im Privatkundengesch\u00e4ft vor. Er dauert drei Jahre. Danach haben die erfolgreichen Absolventen zwei Abschl\u00fcsse in der Tasche: den \u201eBachelor of Arts\u201c und den \u201eSparkassenfachwirt f\u00fcr Kundenberatung\u201c.<\/p>\n<p>Kooperationspartner der Sparkasse sind die Technische Hochschule Mittelhessen (THM) und die Sparkassenakademie Hessen-Th\u00fcringen. Die THM ist die gr\u00f6\u00dfte Fachhochschule in Hessen und die viertgr\u00f6\u00dfte Deutschlands. Sie bietet praxisnahe akademische Ausbildung in kleinen Gruppen mit individueller Betreuung.<\/p>\n<p>Die Sparkasse Fulda setzt bewusst auf Qualit\u00e4t. Sie begrenzt ihr Angebot deshalb auf zwei Studienpl\u00e4tze pro Jahr. Der Startschuss f\u00fcr die ersten beiden Absolventen f\u00e4llt Anfang August 2016. Interessenten k\u00f6nnen sich ab sofort unter www.sparkasse-fulda.de\/karriere bewerben. Alois Fr\u00fcchtl, Vorstandsvorsitzender von Osthessens gr\u00f6\u00dftem Geldinstitut, freut sich auf den neuen Bildungsweg: \u201eDas duale Studium liegt im Trend. Es erg\u00e4nzt unsere bew\u00e4hrte Ausbildung zum Beruf des Bankkaufmanns. Die attraktive Kombination von akademischen Inhalten und bankwirtschaftlicher Praxis in einem regional orientierten Kreditinstitut ist f\u00fcr junge Leute ein hochinteressanter Einstieg in eine der Schl\u00fcsselbranchen unserer Volkswirtschaft.\u201c<\/p>\n","protected":false},"excerpt":{"rendered":"<div class=\"tmnf_excerpt\"><p>Die Sparkasse Fulda bietet Abiturienten ab dem kommenden Jahr an, Theorie und Praxis der Kreditwirtschaft in einem dualen Betriebswirtschaftsstudium zu erlernen. Der Studiengang \u201eFinanzdienstleistungen\u201c bereitet insbesondere auf Vertrieb und Beratung im Firmenkundengesch\u00e4ft und im Privatkundengesch\u00e4ft vor. Er dauert drei Jahre. Danach haben die erfolgreichen Absolventen zwei Abschl\u00fcsse in der Tasche: den \u201eBachelor of Arts\u201c und &hellip;<\/p>\n<\/div>","protected":false},"author":1,"featured_media":0,"comment_status":"closed","ping_status":"closed","sticky":false,"template":"","format":"standard","meta":{"footnotes":""},"categories":[1,53],"tags":[],"class_list":["post-142482","post","type-post","status-publish","format-standard","hentry","category-startseite","category-bildung"],"_links":{"self":[{"href":"https:\/\/www.fuldaernachrichten.de\/index.php?rest_route=\/wp\/v2\/posts\/142482","targetHints":{"allow":["GET"]}}],"collection":[{"href":"https:\/\/www.fuldaernachrichten.de\/index.php?rest_route=\/wp\/v2\/posts"}],"about":[{"href":"https:\/\/www.fuldaernachrichten.de\/index.php?rest_route=\/wp\/v2\/types\/post"}],"author":[{"embeddable":true,"href":"https:\/\/www.fuldaernachrichten.de\/index.php?rest_route=\/wp\/v2\/users\/1"}],"replies":[{"embeddable":true,"href":"https:\/\/www.fuldaernachrichten.de\/index.php?rest_route=%2Fwp%2Fv2%2Fcomments&post=142482"}],"version-history":[{"count":1,"href":"https:\/\/www.fuldaernachrichten.de\/index.php?rest_route=\/wp\/v2\/posts\/142482\/revisions"}],"predecessor-version":[{"id":142489,"href":"https:\/\/www.fuldaernachrichten.de\/index.php?rest_route=\/wp\/v2\/posts\/142482\/revisions\/142489"}],"wp:attachment":[{"href":"https:\/\/www.fuldaernachrichten.de\/index.php?rest_route=%2Fwp%2Fv2%2Fmedia&parent=142482"}],"wp:term":[{"taxonomy":"category","embeddable":true,"href":"https:\/\/www.fuldaernachrichten.de\/index.php?rest_route=%2Fwp%2Fv2%2Fcategories&post=142482"},{"taxonomy":"post_tag","embeddable":true,"href":"https:\/\/www.fuldaernachrichten.de\/index.php?rest_route=%2Fwp%2Fv2%2Ftags&post=142482"}],"curies":[{"name":"wp","href":"https:\/\/api.w.org\/{rel}","templated":true}]}}