{"id":1424,"date":"2007-02-07T04:05:38","date_gmt":"2007-02-07T03:05:38","guid":{"rendered":"http:\/\/www.schoene-nachrichten.de\/?p=1424"},"modified":"2007-02-07T04:07:01","modified_gmt":"2007-02-07T03:07:01","slug":"diabetes-nervensache-3-interdisziplinaerer-fruehjahrskurs-diabetes-am-klinikum-fulda","status":"publish","type":"post","link":"https:\/\/www.fuldaernachrichten.de\/?p=1424","title":{"rendered":"&#8220;Diabetes \u2013 Nervensache&#8221; &#8211; 3. Interdisziplin\u00e4rer Fr\u00fchjahrskurs Diabetes am Klinikum Fulda"},"content":{"rendered":"<p><strong>Sch\u00f6nes f\u00fcr Fulda.<\/strong> Vom 20. \u2013 22.03. 2007 findet im Klinikum Fulda ein \u00fcberregionales Diabetes-Symposium unter dem Motto\u00c2\u00a0 \u201eDiabetes \u2013 Nervensache\u201c statt.\u00c2\u00a0Das diesj\u00e4hrige Schwerpunktthema ist die \u201eNervenbeteiligung\u201c bei Diabetes. Im Rahmen des Diabetes-Symposiums,\u00c2\u00a0 unter Federf\u00fchrung von Prof. Dr. med. Daniel Jaspersen (Medizinische Klinik II)und Prof. Dr. med. Andreas Hans Jacobs (Direktor der Klinik f\u00fcr Neurologie) wird aufgezeigt, wie fr\u00fches Erkennen und entsprechendes therapeutisches Vorgehen erheblich zur Lebensqualit\u00e4t des Patienten beitragen kann, teilte das Klinikum mit. <!--more--><\/p>\n<p>Am Dienstag, 20.03. findet um 17.00 Uhr im H\u00f6rsaal des Klinikums Fulda ein Vortrag zu dem Thema \u201eMacht Diabetes dick?\u201c statt, zu dem alle interessierten Patienten und Angeh\u00f6rige eingeladen sind. In einem Plenumvortrag am Mittwoch, dem 21.03. wird\u00c2\u00a0es von\u00c2\u00a016.00 \u2013 19.45 Uhr f\u00fcr\u00c2\u00a0 Fachkollegen eine \u00dcbersicht \u00fcber die vielf\u00e4ltigen Manifestationen der Nervensch\u00e4digung bei Diabetes gegeben sowie relevantes und aktuelles Wissen zu Diagnostik und Therapie vermittelt.<\/p>\n<p>Anschlie\u00dfend k\u00f6nnen interdisziplin\u00e4r in Seminargruppen einzelne Krankheitsbilder anhand von Fallbeispielen erarbeitet werden. Zudem vermittelt ein Kommunikationstrainer wichtige Tipps f\u00fcr den Umgang mit \u201eherausfordernden Patienten\u201c. Die Vortr\u00e4ge um 14.30-17.45 Uhr am 22.03. gehen auf die Situation ein, die bei der Pflege von Menschen mit Diabetes besondere Probleme mit sich bringen.<\/p>\n<p>Eine manifeste Nervensch\u00e4digung besteht nach Angaben des Klinikums bei etwa bei jedem Dritten Diabetespatienten. Dies werde oft nicht erkannt und meistens nur unzureichend, wenn \u00fcberhaupt, therapiert. Eine Auswahl der m\u00f6glichen Manifestationen\u00c2\u00a0seien z.B. schwer therapierbare Fu\u00dfwunden nach Kleinunf\u00e4llen, schlafraubende Beinschmerzen, fehlende Wahrnehmung von Unterzuckerung, \u00dcbelkeit und gleichzeitiges Blutzuckerchaos, Verlust der Erektionsf\u00e4higkeit.<\/p>\n","protected":false},"excerpt":{"rendered":"<div class=\"tmnf_excerpt\"><p>Sch\u00f6nes f\u00fcr Fulda. Vom 20. \u2013 22.03. 2007 findet im Klinikum Fulda ein \u00fcberregionales Diabetes-Symposium unter dem Motto\u00c2\u00a0 \u201eDiabetes \u2013 Nervensache\u201c statt.\u00c2\u00a0Das diesj\u00e4hrige Schwerpunktthema ist die \u201eNervenbeteiligung\u201c bei Diabetes. Im Rahmen des Diabetes-Symposiums,\u00c2\u00a0 unter Federf\u00fchrung von Prof. Dr. med. Daniel Jaspersen (Medizinische Klinik II)und Prof. Dr. med. Andreas Hans Jacobs (Direktor der Klinik f\u00fcr Neurologie) &hellip;<\/p>\n<\/div>","protected":false},"author":1,"featured_media":0,"comment_status":"closed","ping_status":"closed","sticky":false,"template":"","format":"standard","meta":{"footnotes":""},"categories":[1,53,51],"tags":[],"class_list":["post-1424","post","type-post","status-publish","format-standard","hentry","category-startseite","category-bildung","category-medizin"],"_links":{"self":[{"href":"https:\/\/www.fuldaernachrichten.de\/index.php?rest_route=\/wp\/v2\/posts\/1424","targetHints":{"allow":["GET"]}}],"collection":[{"href":"https:\/\/www.fuldaernachrichten.de\/index.php?rest_route=\/wp\/v2\/posts"}],"about":[{"href":"https:\/\/www.fuldaernachrichten.de\/index.php?rest_route=\/wp\/v2\/types\/post"}],"author":[{"embeddable":true,"href":"https:\/\/www.fuldaernachrichten.de\/index.php?rest_route=\/wp\/v2\/users\/1"}],"replies":[{"embeddable":true,"href":"https:\/\/www.fuldaernachrichten.de\/index.php?rest_route=%2Fwp%2Fv2%2Fcomments&post=1424"}],"version-history":[{"count":0,"href":"https:\/\/www.fuldaernachrichten.de\/index.php?rest_route=\/wp\/v2\/posts\/1424\/revisions"}],"wp:attachment":[{"href":"https:\/\/www.fuldaernachrichten.de\/index.php?rest_route=%2Fwp%2Fv2%2Fmedia&parent=1424"}],"wp:term":[{"taxonomy":"category","embeddable":true,"href":"https:\/\/www.fuldaernachrichten.de\/index.php?rest_route=%2Fwp%2Fv2%2Fcategories&post=1424"},{"taxonomy":"post_tag","embeddable":true,"href":"https:\/\/www.fuldaernachrichten.de\/index.php?rest_route=%2Fwp%2Fv2%2Ftags&post=1424"}],"curies":[{"name":"wp","href":"https:\/\/api.w.org\/{rel}","templated":true}]}}