{"id":142386,"date":"2015-08-25T17:54:58","date_gmt":"2015-08-25T15:54:58","guid":{"rendered":"http:\/\/www.fuldaer-nachrichten.de\/?p=142386"},"modified":"2015-08-25T17:55:05","modified_gmt":"2015-08-25T15:55:05","slug":"fit-fuer-den-beruf-weiterkommen-mit-der-vhs","status":"publish","type":"post","link":"https:\/\/www.fuldaernachrichten.de\/?p=142386","title":{"rendered":"Fit f\u00fcr den Beruf &#8211; Weiterkommen mit der vhs"},"content":{"rendered":"<p>Ab 14. September 2015 startet die vhs ihr Herbstsemester und der Fachbereich Berufliche Bildung und EDV geht mit vielen neue Themen, die der beruflichen und allgemeinen Weiterbildung dienen, an den Start.<br \/>\nMit den Tagesseminaren \u201eErfolgreich f\u00fchren und motivieren\u201c, \u201eWirkungsvoll Kommunizieren in Beruf und Alltag\u201c, \u201eSicher Vortragen und geschickt \u00dcberzeugen\u201c und\u00c2\u00a0 \u201eSpeed Reading \u2013 Schnelllesen aber mit Verstand\u201c werden Sie Ihre Kommunikations- und F\u00fchrungskompetenzen erweitern und an Ihrem Zeitmanagement arbeiten k\u00f6nnen. Wer im Beruf oder im Verein mit \u00d6ffentlichkeitsarbeit befasst ist,\u00c2\u00a0 wird im Seminar \u201eVerst\u00e4ndlich Schreiben f\u00fcr Pressemittteilungen und Co.\u201c Anregungen und Tipps erhalten.<br \/>\nSofern Sie zur\u00fcck in den Beruf wollen oder einen Stellenwechsel planen, wird Ihnen das Angebot zur \u201eProfilPASS-Beratung\u201c\u00c2\u00a0 sowie die Seminare zum Thema \u201eProfessionell bewerben\u201c zielf\u00fchrende Unterst\u00fctzung geben k\u00f6nnen.<\/p>\n<p>Neu ist der Lehrgang \u201eXpert Business \u2013 Finanzbuchf\u00fchrung I\u201c, der im Herbst erstmals in Schotten angeboten wird. Der Kurs ist der erste von drei Modulen, die auf die Xpert Business Gepr\u00fcfte Fachkraft Finanzbuchf\u00fchrung vorbereitet. \u201eGrundlagen der Einnahmen-\u00dcberschussrechnung\u201c , ein Kurs f\u00fcr Selbstst\u00e4ndige und Kleingewerbetreibende und das Seminar \u201eEffektive Kosten- und Leistungsrechnung\u201c, runden das Angebot der vhs zu kaufm\u00e4nnischen Themen ab.<\/p>\n<p>Auch im EDV-Bereich gibt es im Herbstsemester neben EDV-Grundlagenkursen zu den aktuellen Betriebssysteme und Anwendungsprogramme von Microsoft auch viele neue Kursthemen und Kursformate. So wird es in mehreren St\u00e4dten und Gemeinden des Vogelsbergkreises Einf\u00fchrungskurse\u00c2\u00a0 zur Handhabung von Tablets, Laptops und Smartphones auf unterschiedlichen Betriebssystemen geben.<\/p>\n<p>Neu sind im Herbst auch die kurzen Grundlagen Workshops \u201eWord 2010\u201c, \u201ePower Point 2010\u201c, \u201eExcel 2010\u201c und \u201eInternetnutzung\u201c, die sich an all diejenigen wendet, die wenig Zeit f\u00fcr einen l\u00e4ngerfristig angelegt EDV-Kurs haben und sich in K\u00fcrze das Wichtigste f\u00fcr die Arbeit mit den Office-Programmen aneignen wollen.<\/p>\n<p>Mit den Internetkursen \u201eAktiv im Internet \u2013 aber bitte sicher\u201c, werden Sie bei Ihrer aktiven und auf Ihre Sicherheit bedachte Nutzung des Internets begleitet.<br \/>\nAuch im Herbst bietet die vhs einen Bildungsurlaub zum Thema \u201eFit im B\u00fcro: Der perfekte Einstieg mit Office 2010\u201c an und mit den Kursen zu den Bildbearbeitungsprogrammen von Adobe Lightroom und Photoshop Elements k\u00f6nnen Sie Ihr Wissen in der Bearbeitung von Bildern am PC erweitern.<\/p>\n<p>F\u00fcr all die, die aus zeitlichen oder pers\u00f6nlichen Gr\u00fcnden, nicht an einem Pr\u00e4senzkurs der vhs teilnehmen k\u00f6nnen oder wollen, bietet die vhs wieder eine ganz Reihe an EDV-Onlinekursen an.<\/p>\n<p>Informationen zu den Kursen und Kursberatung erhalten Interessierte bei der Volkshochschule des Vogelsbergkreises, Telefon 06631\/792 7820 zu den Gesch\u00e4ftszeiten der vhs, per E-Mail (info@vhs-vogelsberg.de) oder \u00fcber das Internet unter www.vhs-vogelsberg.de. Anmeldungen zu allen Kursen sind schon m\u00f6glich.<\/p>\n","protected":false},"excerpt":{"rendered":"<div class=\"tmnf_excerpt\"><p>Ab 14. September 2015 startet die vhs ihr Herbstsemester und der Fachbereich Berufliche Bildung und EDV geht mit vielen neue Themen, die der beruflichen und allgemeinen Weiterbildung dienen, an den Start. Mit den Tagesseminaren \u201eErfolgreich f\u00fchren und motivieren\u201c, \u201eWirkungsvoll Kommunizieren in Beruf und Alltag\u201c, \u201eSicher Vortragen und geschickt \u00dcberzeugen\u201c und\u00c2\u00a0 \u201eSpeed Reading \u2013 Schnelllesen aber &hellip;<\/p>\n<\/div>","protected":false},"author":1,"featured_media":0,"comment_status":"closed","ping_status":"closed","sticky":false,"template":"","format":"standard","meta":{"footnotes":""},"categories":[1,53],"tags":[],"class_list":["post-142386","post","type-post","status-publish","format-standard","hentry","category-startseite","category-bildung"],"_links":{"self":[{"href":"https:\/\/www.fuldaernachrichten.de\/index.php?rest_route=\/wp\/v2\/posts\/142386","targetHints":{"allow":["GET"]}}],"collection":[{"href":"https:\/\/www.fuldaernachrichten.de\/index.php?rest_route=\/wp\/v2\/posts"}],"about":[{"href":"https:\/\/www.fuldaernachrichten.de\/index.php?rest_route=\/wp\/v2\/types\/post"}],"author":[{"embeddable":true,"href":"https:\/\/www.fuldaernachrichten.de\/index.php?rest_route=\/wp\/v2\/users\/1"}],"replies":[{"embeddable":true,"href":"https:\/\/www.fuldaernachrichten.de\/index.php?rest_route=%2Fwp%2Fv2%2Fcomments&post=142386"}],"version-history":[{"count":1,"href":"https:\/\/www.fuldaernachrichten.de\/index.php?rest_route=\/wp\/v2\/posts\/142386\/revisions"}],"predecessor-version":[{"id":142390,"href":"https:\/\/www.fuldaernachrichten.de\/index.php?rest_route=\/wp\/v2\/posts\/142386\/revisions\/142390"}],"wp:attachment":[{"href":"https:\/\/www.fuldaernachrichten.de\/index.php?rest_route=%2Fwp%2Fv2%2Fmedia&parent=142386"}],"wp:term":[{"taxonomy":"category","embeddable":true,"href":"https:\/\/www.fuldaernachrichten.de\/index.php?rest_route=%2Fwp%2Fv2%2Fcategories&post=142386"},{"taxonomy":"post_tag","embeddable":true,"href":"https:\/\/www.fuldaernachrichten.de\/index.php?rest_route=%2Fwp%2Fv2%2Ftags&post=142386"}],"curies":[{"name":"wp","href":"https:\/\/api.w.org\/{rel}","templated":true}]}}