{"id":142343,"date":"2015-08-24T21:11:56","date_gmt":"2015-08-24T19:11:56","guid":{"rendered":"http:\/\/www.fuldaer-nachrichten.de\/?p=142343"},"modified":"2015-08-24T21:11:56","modified_gmt":"2015-08-24T19:11:56","slug":"osthessenkicker-im-pokal-ausgeschieden","status":"publish","type":"post","link":"https:\/\/www.fuldaernachrichten.de\/?p=142343","title":{"rendered":"Osthessenkicker im Pokal ausgeschieden"},"content":{"rendered":"<p>Die zweite Mannschaft der Osthessenkicker spielte am vergangenen Sonntag im dritten Spiel der Pokalrunde Nord zu Hause gegen das Team der City Soccer 2 aus Kassel um den Einzug in die n\u00e4chste Runde. Da die zweite Mannschaft nicht vollz\u00e4hlig antreten konnte, bekamen sie Verst\u00e4rkung durch Nino Swolinski und Daniel Ziegler, beides Spieler in der dritten Mannschaft. Die Osthessenkicker starteten mit einem Unentschieden in die Partie, gaben aber in den darauffolgenden drei Spielen gleich 11 Punkte an den Gegner ab. Nach zwei Dritteln der Partie lag das Team der City Soccer 2 bereits uneinholbar vorn. Die zweite Mannschaft der Osthessenkicker verlor am Ende mit 17:35 Punkten und schied somit als letzte Mannschaft der Gro\u00dfenl\u00fcderer Tischfu\u00dfballer aus der Pokalrunde Nord aus.<\/p>\n","protected":false},"excerpt":{"rendered":"<div class=\"tmnf_excerpt\"><p>Die zweite Mannschaft der Osthessenkicker spielte am vergangenen Sonntag im dritten Spiel der Pokalrunde Nord zu Hause gegen das Team der City Soccer 2 aus Kassel um den Einzug in die n\u00e4chste Runde. Da die zweite Mannschaft nicht vollz\u00e4hlig antreten konnte, bekamen sie Verst\u00e4rkung durch Nino Swolinski und Daniel Ziegler, beides Spieler in der dritten &hellip;<\/p>\n<\/div>","protected":false},"author":1,"featured_media":142345,"comment_status":"closed","ping_status":"closed","sticky":false,"template":"","format":"standard","meta":{"footnotes":""},"categories":[46],"tags":[],"class_list":["post-142343","post","type-post","status-publish","format-standard","has-post-thumbnail","hentry","category-sport"],"_links":{"self":[{"href":"https:\/\/www.fuldaernachrichten.de\/index.php?rest_route=\/wp\/v2\/posts\/142343","targetHints":{"allow":["GET"]}}],"collection":[{"href":"https:\/\/www.fuldaernachrichten.de\/index.php?rest_route=\/wp\/v2\/posts"}],"about":[{"href":"https:\/\/www.fuldaernachrichten.de\/index.php?rest_route=\/wp\/v2\/types\/post"}],"author":[{"embeddable":true,"href":"https:\/\/www.fuldaernachrichten.de\/index.php?rest_route=\/wp\/v2\/users\/1"}],"replies":[{"embeddable":true,"href":"https:\/\/www.fuldaernachrichten.de\/index.php?rest_route=%2Fwp%2Fv2%2Fcomments&post=142343"}],"version-history":[{"count":1,"href":"https:\/\/www.fuldaernachrichten.de\/index.php?rest_route=\/wp\/v2\/posts\/142343\/revisions"}],"predecessor-version":[{"id":142349,"href":"https:\/\/www.fuldaernachrichten.de\/index.php?rest_route=\/wp\/v2\/posts\/142343\/revisions\/142349"}],"wp:featuredmedia":[{"embeddable":true,"href":"https:\/\/www.fuldaernachrichten.de\/index.php?rest_route=\/wp\/v2\/media\/142345"}],"wp:attachment":[{"href":"https:\/\/www.fuldaernachrichten.de\/index.php?rest_route=%2Fwp%2Fv2%2Fmedia&parent=142343"}],"wp:term":[{"taxonomy":"category","embeddable":true,"href":"https:\/\/www.fuldaernachrichten.de\/index.php?rest_route=%2Fwp%2Fv2%2Fcategories&post=142343"},{"taxonomy":"post_tag","embeddable":true,"href":"https:\/\/www.fuldaernachrichten.de\/index.php?rest_route=%2Fwp%2Fv2%2Ftags&post=142343"}],"curies":[{"name":"wp","href":"https:\/\/api.w.org\/{rel}","templated":true}]}}