{"id":142113,"date":"2015-08-15T20:16:29","date_gmt":"2015-08-15T18:16:29","guid":{"rendered":"http:\/\/www.fuldaer-nachrichten.de\/?p=142113"},"modified":"2015-08-15T20:16:29","modified_gmt":"2015-08-15T18:16:29","slug":"norwegisch-fuer-anfaenger","status":"publish","type":"post","link":"https:\/\/www.fuldaernachrichten.de\/?p=142113","title":{"rendered":"Norwegisch f\u00fcr Anf\u00e4nger"},"content":{"rendered":"<p>Am Montag, 7. September, um 18 Uhr beginnt im Eduard-Stieler-Campus, Br\u00fcder-Grimm-Str. 5, in Fulda ein Norwegisch-Kurs der Volkshochschule des Landkreises Fulda f\u00fcr Teilnehmer ohne Vorkenntnisse beziehungsweise Interessenten, die geringe Kenntnisse in dieser Fremdsprache haben. Infos und Anmeldung mit der Kursnummer VL4150122 unter <a href=\"http:\/\/www.vhs-fulda.de\">www.vhs-fulda.de<\/a> oder bei der VHS-Gesch\u00e4ftsstelle, Telefon (0661)25199-0.<\/p>\n","protected":false},"excerpt":{"rendered":"<div class=\"tmnf_excerpt\"><p>Am Montag, 7. September, um 18 Uhr beginnt im Eduard-Stieler-Campus, Br\u00fcder-Grimm-Str. 5, in Fulda ein Norwegisch-Kurs der Volkshochschule des Landkreises Fulda f\u00fcr Teilnehmer ohne Vorkenntnisse beziehungsweise Interessenten, die geringe Kenntnisse in dieser Fremdsprache haben. Infos und Anmeldung mit der Kursnummer VL4150122 unter www.vhs-fulda.de oder bei der VHS-Gesch\u00e4ftsstelle, Telefon (0661)25199-0.<\/p>\n<\/div>","protected":false},"author":1,"featured_media":0,"comment_status":"closed","ping_status":"closed","sticky":false,"template":"","format":"standard","meta":{"footnotes":""},"categories":[53],"tags":[],"class_list":["post-142113","post","type-post","status-publish","format-standard","hentry","category-bildung"],"_links":{"self":[{"href":"https:\/\/www.fuldaernachrichten.de\/index.php?rest_route=\/wp\/v2\/posts\/142113","targetHints":{"allow":["GET"]}}],"collection":[{"href":"https:\/\/www.fuldaernachrichten.de\/index.php?rest_route=\/wp\/v2\/posts"}],"about":[{"href":"https:\/\/www.fuldaernachrichten.de\/index.php?rest_route=\/wp\/v2\/types\/post"}],"author":[{"embeddable":true,"href":"https:\/\/www.fuldaernachrichten.de\/index.php?rest_route=\/wp\/v2\/users\/1"}],"replies":[{"embeddable":true,"href":"https:\/\/www.fuldaernachrichten.de\/index.php?rest_route=%2Fwp%2Fv2%2Fcomments&post=142113"}],"version-history":[{"count":1,"href":"https:\/\/www.fuldaernachrichten.de\/index.php?rest_route=\/wp\/v2\/posts\/142113\/revisions"}],"predecessor-version":[{"id":142114,"href":"https:\/\/www.fuldaernachrichten.de\/index.php?rest_route=\/wp\/v2\/posts\/142113\/revisions\/142114"}],"wp:attachment":[{"href":"https:\/\/www.fuldaernachrichten.de\/index.php?rest_route=%2Fwp%2Fv2%2Fmedia&parent=142113"}],"wp:term":[{"taxonomy":"category","embeddable":true,"href":"https:\/\/www.fuldaernachrichten.de\/index.php?rest_route=%2Fwp%2Fv2%2Fcategories&post=142113"},{"taxonomy":"post_tag","embeddable":true,"href":"https:\/\/www.fuldaernachrichten.de\/index.php?rest_route=%2Fwp%2Fv2%2Ftags&post=142113"}],"curies":[{"name":"wp","href":"https:\/\/api.w.org\/{rel}","templated":true}]}}