{"id":141989,"date":"2015-08-11T19:19:48","date_gmt":"2015-08-11T17:19:48","guid":{"rendered":"http:\/\/www.fuldaer-nachrichten.de\/?p=141989"},"modified":"2015-08-11T19:19:48","modified_gmt":"2015-08-11T17:19:48","slug":"herbstprogramm-der-vhs-politische-bildung-fitness-und-webinare","status":"publish","type":"post","link":"https:\/\/www.fuldaernachrichten.de\/?p=141989","title":{"rendered":"Herbstprogramm der vhs: Politische Bildung, Fitness und Webinare"},"content":{"rendered":"<p>Das neue Herbstprogramm 2015 der Volkshochschule liegt nun auch gedruckt vor: \u201eLuftig\u201c und bunt, wie\u00c2\u00a0 auch das Titelbild, das an die Luftballonaktion am diesj\u00e4hrigen Pr\u00e4mienmarkt in Lauterbach auf dem Platz vor dem \u201eAlten Esel\u201c erinnert, pr\u00e4sentiert es sich und ist wieder kostenfrei in Banken, Superm\u00e4rkten, Buchhandlungen und Rath\u00e4usern kreisweit zu haben.<br \/>\nEin Schwerpunkt der vhs-Arbeit\u00c2\u00a0 liegt\u00c2\u00a0 im Bereich der politischen Bildung, die mit verschiedenen Kooperationen, wie z.B. mit der Friedrich-Ebert-Stiftung Hessen oder der Rosa-Luxemburg-Stiftung Hessen,\u00c2\u00a0 neue Programmpunkte setzt: \u201ePolitik! &#8211; Wie funktioniert das eigentlich?\u201c,\u00c2\u00a0 einer\u00c2\u00a0 Filmvorf\u00fchrung mit anschlie\u00dfender Diskussion zum Film \u201eWillkommen auf Deutsch\u201c und Veranstaltungen mit Hans-Martin Tillak \u00fcber die \u201eLobby-Republik\u201c oder Dr. Patrick Schreiner \u00fcber die \u201eUnterwerfung als Freiheit&#8221;. Die Webinar-Reihe\u00c2\u00a0 \u201eDer Mensch und die Gesellschaft -Fremdheit&#8221; analysiert u.a.\u00c2\u00a0 die deutsche und europ\u00e4ische Migrationspolitik, w\u00e4hrend sich die Webinar-Reihe \u201eDie digitale Gesellschaft\u201c mit den Herausforderungen des vollautomatischen Fahrens, dem intelligenten Zuhause (Smart Home) oder dem vernetzten Unternehmen (Smart Factory) besch\u00e4ftigt.<br \/>\nDie aktive Mitarbeit in einem Verein wirft f\u00fcr die Betroffenen oft viele Fragen auf. In drei Seminaren werden Interessenten\u00c2\u00a0 vom Vereinssteuerrecht bis zu Fragen \u00fcber\u00c2\u00a0 Besch\u00e4ftigungsverh\u00e4ltnisse in Vereinen\u00c2\u00a0 informiert. Weitere interessante Vortr\u00e4ge im Fachbereich Gesellschaft besch\u00e4ftigen sich mit p\u00e4dagogischen Fragestellungen, z.B. hochbegabten Kindern, oder mit religi\u00f6sen Glaubensrichtungen wie dem Islam,\u00c2\u00a0 dem Hinduismus und auch der Mystik.<\/p>\n<p>Der Fachbereich Kultur m\u00f6chte mit dem Herbstangebot Literatur n\u00e4her bringen und bietet dazu Workshops mit dem bekannten H\u00f6rbuchautor Sven G\u00f6rtz zu den Themen \u201eErfolgsfaktor Stimme \u2013 Der Ton macht die Musik\u201c und \u201eDie Kunst des Vorlesens\u201c an. Diejenigen, die sich f\u00fcr Theater und Schauspiel interessieren, haben die M\u00f6glichkeit, sich bei den beiden neuen vhs-Seminaren mit Johanna Mildner, \u201eImprovisationstheater\u201c und\u00c2\u00a0 \u201eSchauspiel im Alltag\u201c, auszuprobieren.<\/p>\n<p>Musik erleben, erlernen und verstehen\u00c2\u00a0 &#8211; mit diversen Trommelworkshops, einem Mundharmonika-Workshop\u00c2\u00a0 und\u00c2\u00a0 einem Gitarrenkurs\u00c2\u00a0 f\u00fcr Kinder bzw. Erwachsene &#8211; das ist neben dem Tanz in seinen vielf\u00e4ltigen Formen wie Bollywood, Line Dance, Gesellschaftstanz, DiscoFox oder Tango ein weiterer Schwerpunkt im Kulturbereich.<\/p>\n<p>Interessenten der bildenden\u00c2\u00a0 Kunst\u00c2\u00a0 finden Impulse in den Angeboten\u00c2\u00a0 zum Portraitzeichnen, der chinesischen Kalligrafie, der Acryl- und Pastellmalerei\u00c2\u00a0 oder dem Airbrush.\u00c2\u00a0 Die &#8220;Holzwerkstatt&#8221;, M\u00f6belcollage als Restaurationstechnik, Korbflechten aus Weiden, T\u00f6pfern und &#8220;Upcycling&#8221; (z.B. Lampen aus Karton oder Taschen aus Kaffeet\u00fcten herstellen)\u00c2\u00a0 sowie eine Reihe von Schmuck- und N\u00e4hkursen\u00c2\u00a0 regen\u00c2\u00a0 zum handwerklichen oder textilen Gestalten an.<\/p>\n<p>Der vhs-Gesundheitsbereich l\u00e4dt auch im Herbst wieder\u00c2\u00a0 ein zu Yoga- und Entspannungstagen\u00c2\u00a0 in Bad Endbach oder Bad Zwesten, um Abstand vom Alltag zu bekommen. Kurse und Workshops zur Entspannung mit Klangschalen, Massagen, Achtsamkeitsseminare oder klassische Methoden wie Autogenes Training und Progressive Muskelentspannung\u00c2\u00a0 werden ebenso angeboten wie eine Vielzahl an Yoga-Kursen f\u00fcr Anf\u00e4nger und Fortgeschrittene, f\u00fcr M\u00e4nner, f\u00fcr Schwangere und M\u00fctter oder f\u00fcr die Zeit der Wechseljahre. Auch die Fitness kommt\u00c2\u00a0 bei der vhs nicht zu kurz: philippinische Kampfk\u00fcnste f\u00fcr Anf\u00e4nger, Stepp Aerobic, Bauch-Beine-Po, Zumba , Pilates und Bodyshaping sind ebenso feste Programmbestandteile wie R\u00fcckenschule, Beckenboden-\u00c2\u00a0 und Wirbels\u00e4ulengymnastik.<\/p>\n<p>Aber auch kulinarisch hat das Herbstprogramm einiges zu bieten. Ob f\u00fcr den Ein-Personen-Haushalt, f\u00fcr M\u00e4nner oder f\u00fcr Kinder, mit Kartoffeln oder Steckr\u00fcben oder auch die internationale K\u00fcche mit k\u00f6stlichen italienischen Momenten, der t\u00fcrkischen Trendk\u00fcche, dem Asia Cooking oder der kulinarischen Reise durch Mexiko bis zum English Afternoon Tea, Macarons, Motivtorten oder Tr\u00fcffeln und Pralinen &#8211; es d\u00fcrfte f\u00fcr jeden Geschmack etwas dabei sein.\u00c2\u00a0 F\u00fcr Weinliebhaber ist eine Exkursion in das Weinanbaugebiet \u201eHessische Bergstra\u00dfe\u201c sowie ein Genussabenteuer \u201eWein und Schokolade\u201c im Angebot.<\/p>\n<p>Im Sprachenbereich spielen die Kurse \u201eDeutsch als Fremdsprache\u201c eine wichtige Rolle. Dazu z\u00e4hlen s\u00e4mtliche Integrations- und Alphabetisierungskurse, der Orientierungskurs \u201eLeben in Deutschland\u201c, der gleichzeitig auch auf den Einb\u00fcrgerungstest vorbereitet, sowie weitere Deutschkurse bis hin zur Niveaustufe C1\/C2. Der Workshop \u201eSprachlich fit f\u00fcr die Pflege\u201c richtet\u00c2\u00a0 sich speziell an Pflegekr\u00e4fte aus dem Ausland.<\/p>\n<p>Englisch-Kurse werden auf fast allen Niveaustufen angeboten. Neu sind ein Kurs auf der Anfangsstufe A1 \u201e langsam und gem\u00fctlich\u201c am Vormittag in Vockenrod, der\u00c2\u00a0 besonders f\u00fcr\u00c2\u00a0 \u00e4ltere Menschen gut geeignet ist , \u201cSpeaking &amp; Conversation\u201c auf B1+ Niveau und der Wochenendkurs Englisch f\u00fcr den Beruf \u201eSmall Talk &amp; Socializing\u201c.<\/p>\n<p>Franz\u00f6sisch, Italienisch, und Spanisch werden sowohl als Grundkurse als auch als Auffrischungs- und Wiederholungskurse angeboten. Neu sind die Kurse\u00c2\u00a0 \u201eSpanisch f\u00fcr den Beruf\u201c in Alsfeld und \u201eSpanisch am Morgen macht munter!\u201c\u00c2\u00a0 in Homberg, jeweils f\u00fcr Interessenten ohne Vorkenntnisse. Gleich zu Semesterbeginn Anfang September wird es einen Bildungsurlaub \u201eSpanische Woche \u2013 Sprache und Landeskunde\u201c geben, der sich ebenfalls\u00c2\u00a0 an Anf\u00e4nger ohne Vorkenntnisse richtet . Aber auch Russisch, Chinesisch, Arabisch,\u00c2\u00a0 D\u00e4nisch, Japanisch, Niederl\u00e4ndisch und T\u00fcrkisch sowie Schwedisch geh\u00f6ren zum Herbstangebot der vhs.<\/p>\n<p>Eine kostenlose Sprachberatung f\u00fcr Neueinsteiger mit Vorkenntnissen zur Wahl des richtigen Sprachkurses findet am 5. September statt. Termine werden nach telefonischer Voranmeldung vergeben.<\/p>\n<p>Der Fachbereich Beruf bietet wieder eine Reihe von Seminaren zur professionellen\u00c2\u00a0 Bewerbung und zur\u00c2\u00a0 wirkungsvollen Kommunikation in Beruf und Alltag an.<br \/>\nFinanzbuchhaltung, Einnahmen-\u00dcberschussrechnung und Kosten-Leistungsrechnung stehen ebenso wie Kurse zu ersten Schritten am PC oder Laptop oder zu MS Office, Word, PowerPoint,\u00c2\u00a0 Excel oder Access\u00c2\u00a0 auf dem Programm. Die richtige Nutzung von iPhone, iPad, Tablet und Smartphone wird in verschiedenen Grund- und Aufbaukursen ebenso\u00c2\u00a0 vermittelt wie das Kommunizieren mit Freunden, Verwandten und Bekannten \u00fcber Facebook, Twitter, Skype und Co. Neu im Angebot ist der Grundlagenkurs \u201eRAW Bildbearbeitung mit Adobe Lightroom 5.6\u201c und der Folgekurs \u201eAdobe Lightroom 5 und 6\u201c.<\/p>\n<p>Auch im Herbst werden wieder zahlreiche Online-Seminare angeboten, z.B. eine Einf\u00fchrung in die Webseitenerstellung mit Joomla 2.5,\u00c2\u00a0 Grundkurse oder weiterf\u00fchrende Techniken zu Excel 2007\/2010, Word-Serienbrieferstellung, die Pr\u00e4sentation mit PowerPoint oder Seminare zu Gimp.<\/p>\n<p>F\u00fcr alle Kurse ist eine Anmeldung \u00fcber www.vhs-vogelsberg.de oder auch per Mail an info@vhs-vogelsberg.de m\u00f6glich. Die Gesch\u00e4ftsstelle der vhs in Alsfeld, F\u00e4rbergasse 2, ist von Montag bis Donnerstag von 8 Uhr durchg\u00e4ngig bis 16 Uhr und am Freitag bis 12 Uhr ge\u00f6ffnet und telefonisch unter 06631\/792 7700 erreichbar.<\/p>\n","protected":false},"excerpt":{"rendered":"<div class=\"tmnf_excerpt\"><p>Das neue Herbstprogramm 2015 der Volkshochschule liegt nun auch gedruckt vor: \u201eLuftig\u201c und bunt, wie\u00c2\u00a0 auch das Titelbild, das an die Luftballonaktion am diesj\u00e4hrigen Pr\u00e4mienmarkt in Lauterbach auf dem Platz vor dem \u201eAlten Esel\u201c erinnert, pr\u00e4sentiert es sich und ist wieder kostenfrei in Banken, Superm\u00e4rkten, Buchhandlungen und Rath\u00e4usern kreisweit zu haben. Ein Schwerpunkt der vhs-Arbeit\u00c2\u00a0 &hellip;<\/p>\n<\/div>","protected":false},"author":1,"featured_media":141997,"comment_status":"closed","ping_status":"closed","sticky":false,"template":"","format":"standard","meta":{"footnotes":""},"categories":[53],"tags":[],"class_list":["post-141989","post","type-post","status-publish","format-standard","has-post-thumbnail","hentry","category-bildung"],"_links":{"self":[{"href":"https:\/\/www.fuldaernachrichten.de\/index.php?rest_route=\/wp\/v2\/posts\/141989","targetHints":{"allow":["GET"]}}],"collection":[{"href":"https:\/\/www.fuldaernachrichten.de\/index.php?rest_route=\/wp\/v2\/posts"}],"about":[{"href":"https:\/\/www.fuldaernachrichten.de\/index.php?rest_route=\/wp\/v2\/types\/post"}],"author":[{"embeddable":true,"href":"https:\/\/www.fuldaernachrichten.de\/index.php?rest_route=\/wp\/v2\/users\/1"}],"replies":[{"embeddable":true,"href":"https:\/\/www.fuldaernachrichten.de\/index.php?rest_route=%2Fwp%2Fv2%2Fcomments&post=141989"}],"version-history":[{"count":1,"href":"https:\/\/www.fuldaernachrichten.de\/index.php?rest_route=\/wp\/v2\/posts\/141989\/revisions"}],"predecessor-version":[{"id":141998,"href":"https:\/\/www.fuldaernachrichten.de\/index.php?rest_route=\/wp\/v2\/posts\/141989\/revisions\/141998"}],"wp:featuredmedia":[{"embeddable":true,"href":"https:\/\/www.fuldaernachrichten.de\/index.php?rest_route=\/wp\/v2\/media\/141997"}],"wp:attachment":[{"href":"https:\/\/www.fuldaernachrichten.de\/index.php?rest_route=%2Fwp%2Fv2%2Fmedia&parent=141989"}],"wp:term":[{"taxonomy":"category","embeddable":true,"href":"https:\/\/www.fuldaernachrichten.de\/index.php?rest_route=%2Fwp%2Fv2%2Fcategories&post=141989"},{"taxonomy":"post_tag","embeddable":true,"href":"https:\/\/www.fuldaernachrichten.de\/index.php?rest_route=%2Fwp%2Fv2%2Ftags&post=141989"}],"curies":[{"name":"wp","href":"https:\/\/api.w.org\/{rel}","templated":true}]}}