{"id":141985,"date":"2015-08-11T19:17:45","date_gmt":"2015-08-11T17:17:45","guid":{"rendered":"http:\/\/www.fuldaer-nachrichten.de\/?p=141985"},"modified":"2015-08-11T19:17:45","modified_gmt":"2015-08-11T17:17:45","slug":"internationaler-orgelsommer-im-fuldaer-dom-2015-konzert-mit-charles-harrison","status":"publish","type":"post","link":"https:\/\/www.fuldaernachrichten.de\/?p=141985","title":{"rendered":"Internationaler Orgelsommer im Fuldaer Dom 2015 \u2013 Konzert mit Charles Harrison"},"content":{"rendered":"<p>Der letzte K\u00fcnstler im Reigen des diesj\u00e4hrigen Internationalen Orgelsommers im Fuldaer Dom ist am <strong>23. August, 16.30 Uhr,<\/strong> der Brite Charles Harrison aus Chichester. Er ist Organist sowie Leiter der Ch\u00f6re an der s\u00fcdenglischen Chichester Cathedral. Nachdem er die ber\u00fchmten Orgelwettbewerbe in St. Albans (England) und Odense (D\u00e4nemark) gewonnen hatte, wurde er quer durch Europa zu Konzerten eingeladen. Zu den bisherigen H\u00f6hepunkten seines musikalischen Wirkens geh\u00f6rte die Ehre, das Ulster Orchestra bei den BBC Proms zu dirigieren, wobei er auch die ber\u00fchmte Orgel der Londoner Royal Albert Hall spielen durfte.<\/p>\n<p>Charles Harrison bringt Werke von Hubert Parry, Johann Sebastian Bach, John Ireland, Maurice Durufl\u00e9 und Marcel Dupr\u00e9 zu Geh\u00f6r.<\/p>\n","protected":false},"excerpt":{"rendered":"<div class=\"tmnf_excerpt\"><p>Der letzte K\u00fcnstler im Reigen des diesj\u00e4hrigen Internationalen Orgelsommers im Fuldaer Dom ist am 23. August, 16.30 Uhr, der Brite Charles Harrison aus Chichester. Er ist Organist sowie Leiter der Ch\u00f6re an der s\u00fcdenglischen Chichester Cathedral. Nachdem er die ber\u00fchmten Orgelwettbewerbe in St. Albans (England) und Odense (D\u00e4nemark) gewonnen hatte, wurde er quer durch Europa &hellip;<\/p>\n<\/div>","protected":false},"author":1,"featured_media":0,"comment_status":"closed","ping_status":"closed","sticky":false,"template":"","format":"standard","meta":{"footnotes":""},"categories":[50,44],"tags":[],"class_list":["post-141985","post","type-post","status-publish","format-standard","hentry","category-kirche","category-kultur"],"_links":{"self":[{"href":"https:\/\/www.fuldaernachrichten.de\/index.php?rest_route=\/wp\/v2\/posts\/141985","targetHints":{"allow":["GET"]}}],"collection":[{"href":"https:\/\/www.fuldaernachrichten.de\/index.php?rest_route=\/wp\/v2\/posts"}],"about":[{"href":"https:\/\/www.fuldaernachrichten.de\/index.php?rest_route=\/wp\/v2\/types\/post"}],"author":[{"embeddable":true,"href":"https:\/\/www.fuldaernachrichten.de\/index.php?rest_route=\/wp\/v2\/users\/1"}],"replies":[{"embeddable":true,"href":"https:\/\/www.fuldaernachrichten.de\/index.php?rest_route=%2Fwp%2Fv2%2Fcomments&post=141985"}],"version-history":[{"count":1,"href":"https:\/\/www.fuldaernachrichten.de\/index.php?rest_route=\/wp\/v2\/posts\/141985\/revisions"}],"predecessor-version":[{"id":141994,"href":"https:\/\/www.fuldaernachrichten.de\/index.php?rest_route=\/wp\/v2\/posts\/141985\/revisions\/141994"}],"wp:attachment":[{"href":"https:\/\/www.fuldaernachrichten.de\/index.php?rest_route=%2Fwp%2Fv2%2Fmedia&parent=141985"}],"wp:term":[{"taxonomy":"category","embeddable":true,"href":"https:\/\/www.fuldaernachrichten.de\/index.php?rest_route=%2Fwp%2Fv2%2Fcategories&post=141985"},{"taxonomy":"post_tag","embeddable":true,"href":"https:\/\/www.fuldaernachrichten.de\/index.php?rest_route=%2Fwp%2Fv2%2Ftags&post=141985"}],"curies":[{"name":"wp","href":"https:\/\/api.w.org\/{rel}","templated":true}]}}