{"id":141961,"date":"2015-08-11T07:07:26","date_gmt":"2015-08-11T05:07:26","guid":{"rendered":"http:\/\/www.fuldaer-nachrichten.de\/?p=141961"},"modified":"2015-08-11T07:07:26","modified_gmt":"2015-08-11T05:07:26","slug":"neue-grimm-ausstellung-im-schloss-steinau","status":"publish","type":"post","link":"https:\/\/www.fuldaernachrichten.de\/?p=141961","title":{"rendered":"Neue Grimm-Ausstellung im Schloss Steinau"},"content":{"rendered":"<p>Wissenschafts- und Kunstminister Boris Rhein er\u00f6ffnet am ersten Tag seiner Sommerreise im Schloss Steinau eine neue Ausstellung, die die bestehende Schau im st\u00e4dtischen Grimm-Haus erg\u00e4nzt. Steinau ist eng mit den Br\u00fcdern Grimm verbunden: Jacob und Wilhelm Grimm betrachteten die Stadt als Heimat.<\/p>\n<p>Wissenschafts- und Kunstminister Boris Rhein: \u201eDie neue konzipierte Grimm-Ausstellung ist eine fabelhafte Weiterf\u00fchrung des bereits vorhandenen Angebots rund um die ber\u00fchmten M\u00e4rchenbr\u00fcder. Sie pr\u00e4sentiert in kleinen Kabinetten mit historischen M\u00f6beln jener Zeit originale \u00d6lgem\u00e4lde und Gebrauchsgegenst\u00e4nde der Familie Grimm sowie bisher noch nie gezeigte Exponate aus privaten Sammlungen. Eine dramatisch inszenierte ,M\u00e4rchenwerkstatt\u00e2\u20ac\u02dc ist eingerichtet, um die m\u00fcndlichen und schriftlichen Quellen der Kinder- und Hausm\u00e4rchen zu beleuchten. Diese Ausstellung tr\u00e4gt dazu bei, die Attraktivit\u00e4t der Br\u00fcder-Grimm-Stadt Steinau weiter zu verbessern und noch mehr Besucher hierher zu locken.\u201c<\/p>\n<p>Gro\u00dfes Interesse an Zusammenarbeit<\/p>\n<p>Im Schloss zu Steinau an der Stra\u00dfe entstand 1985 eine Br\u00fcder Grimm-Gedenkst\u00e4tte. Sie zeigt Exponate aus den Sammlungen der Verwaltung der Staatlichen Schl\u00f6sser und G\u00e4rten, die das Schloss auch f\u00fchrt. Nun kehren die historischen M\u00f6bel, Skulpturen und Wandteppiche an ihren urspr\u00fcnglichen Ort, die Kasseler L\u00f6wenburg, zur\u00fcck. In den frei gewordenen R\u00e4umen haben die Verwaltung der Staatlichen Schl\u00f6sser und G\u00e4rten und die Br\u00fcder Grimm-Gesellschaft eine neue Sammlung zu den ber\u00fchmten M\u00e4rchenbr\u00fcdern zusammengestellt.<\/p>\n<p>\u201eDie Landesregierung hat weiterhin gro\u00dfes Interesse an der bisher angestrebten Kooperation zwischen dem Br\u00fcder-Grimm-Haus und dem Schloss Steinau. Hierzu werden wir demn\u00e4chst weitere Gespr\u00e4che f\u00fchren\u201c, so Wissenschafts- und Kunstminister Boris Rhein abschlie\u00dfend.<\/p>\n","protected":false},"excerpt":{"rendered":"<div class=\"tmnf_excerpt\"><p>Wissenschafts- und Kunstminister Boris Rhein er\u00f6ffnet am ersten Tag seiner Sommerreise im Schloss Steinau eine neue Ausstellung, die die bestehende Schau im st\u00e4dtischen Grimm-Haus erg\u00e4nzt. Steinau ist eng mit den Br\u00fcdern Grimm verbunden: Jacob und Wilhelm Grimm betrachteten die Stadt als Heimat. Wissenschafts- und Kunstminister Boris Rhein: \u201eDie neue konzipierte Grimm-Ausstellung ist eine fabelhafte Weiterf\u00fchrung &hellip;<\/p>\n<\/div>","protected":false},"author":1,"featured_media":0,"comment_status":"closed","ping_status":"closed","sticky":false,"template":"","format":"standard","meta":{"footnotes":""},"categories":[44,52],"tags":[],"class_list":["post-141961","post","type-post","status-publish","format-standard","hentry","category-kultur","category-umwelt"],"_links":{"self":[{"href":"https:\/\/www.fuldaernachrichten.de\/index.php?rest_route=\/wp\/v2\/posts\/141961","targetHints":{"allow":["GET"]}}],"collection":[{"href":"https:\/\/www.fuldaernachrichten.de\/index.php?rest_route=\/wp\/v2\/posts"}],"about":[{"href":"https:\/\/www.fuldaernachrichten.de\/index.php?rest_route=\/wp\/v2\/types\/post"}],"author":[{"embeddable":true,"href":"https:\/\/www.fuldaernachrichten.de\/index.php?rest_route=\/wp\/v2\/users\/1"}],"replies":[{"embeddable":true,"href":"https:\/\/www.fuldaernachrichten.de\/index.php?rest_route=%2Fwp%2Fv2%2Fcomments&post=141961"}],"version-history":[{"count":1,"href":"https:\/\/www.fuldaernachrichten.de\/index.php?rest_route=\/wp\/v2\/posts\/141961\/revisions"}],"predecessor-version":[{"id":141966,"href":"https:\/\/www.fuldaernachrichten.de\/index.php?rest_route=\/wp\/v2\/posts\/141961\/revisions\/141966"}],"wp:attachment":[{"href":"https:\/\/www.fuldaernachrichten.de\/index.php?rest_route=%2Fwp%2Fv2%2Fmedia&parent=141961"}],"wp:term":[{"taxonomy":"category","embeddable":true,"href":"https:\/\/www.fuldaernachrichten.de\/index.php?rest_route=%2Fwp%2Fv2%2Fcategories&post=141961"},{"taxonomy":"post_tag","embeddable":true,"href":"https:\/\/www.fuldaernachrichten.de\/index.php?rest_route=%2Fwp%2Fv2%2Ftags&post=141961"}],"curies":[{"name":"wp","href":"https:\/\/api.w.org\/{rel}","templated":true}]}}