{"id":141919,"date":"2015-08-07T18:41:43","date_gmt":"2015-08-07T16:41:43","guid":{"rendered":"http:\/\/www.fuldaer-nachrichten.de\/?p=141919"},"modified":"2015-08-07T18:41:43","modified_gmt":"2015-08-07T16:41:43","slug":"live-uebertragung-des-boulderweltcup-finales-im-kletterzentrum-fulda","status":"publish","type":"post","link":"https:\/\/www.fuldaernachrichten.de\/?p=141919","title":{"rendered":"Live-\u00dcbertragung des Boulderweltcup-Finales im Kletterzentrum Fulda"},"content":{"rendered":"<p>Das Kletterzentrum Fulda in Petersberg \u00fcbertr\u00e4gt am 14. und 15. August live das Finale der Boulderweltcup-Serie aus dem M\u00fcnchner Olmpiastation. Bei einer deutschen Rekordbeteiligung ist Spannung bis zur letzten Minute garantiert.<\/p>\n<p>Am 14. und 15. August findet im M\u00fcnchner Olympiastadion zum f\u00fcnften Mal das Finale des IFSC Boulder Worldcups statt. Das deutsche Team hat in diesem Jahr besonders gute Chancen und tritt mit 25 Athleten an \u2013 eine Rekord-Beteiligung. Insgesamt kommen rund 120 Athleten nach M\u00fcnchen \u2013 und sie werden einmal mehr die Stimmung im Olympiastadion zum Brodeln bringen. Letztes Jahr verfolgten 5.500 begeisterte Zuschauer das Finale unter dem weltber\u00fchmten Glasdach.<\/p>\n<p>Aber auch in der Region kann man live den Weltklasseathleten bei ihren schwindelerregenden Kletterz\u00fcgen zuschauen: das Kletterzentrum Fulda in Petersberg bietet an beiden Wettkampftagen ein Public Viewing an. Per Gro\u00dfbildleinwand kann man im Kletterzentrum der Sektion Fulda des Deutschen Alpenvereins (DAV) kostenfrei und live die deutschen Athleten anfeuern und bei ihren Z\u00fcgen mitfiebern.<\/p>\n<p>Los geht es am Freitag, 14. August, ab 14 Uhr mit der Qualifikation. Beim anschlie\u00dfenden \u201ePublic Grillen\u201c kann jeder sein Lieblingsgrillgut mitbringen, das dann beim gemeinsamen Spekulieren, wer beim Finale ganz vorne mitklettern wird, gegrillt wird. Am Samstag, 15. August, ab 11:30 Uhr f\u00e4llt dann der Startschuss zum gro\u00dfen Finale, das gegen 21 Uhr mit der Siegerehrung endet.<\/p>\n<p>Weitere Informationen gibt es auch unter: <a href=\"http:\/\/www.kletterzentrum-fulda.de\">www.kletterzentrum-fulda.de<\/a><\/p>\n<p><strong>Gro\u00dfereignis Kletterweltcup \u2013 dank ehrenamtlicher Helfer<\/strong><\/p>\n<p>Viele junge Leute helfen dabei, dass der Boulderweltcup reibungslos funktioniert. Nicht weniger als 80 freiwillige Helfer der DAV-Sektionen M\u00fcnchen &amp; Oberland sind im Hintergrund aktiv. So sind zum Beispiel alleine 30 Ehrenamtliche f\u00fcr die Betreuung der Athleten in der Isolationszone und auf dem Weg zur B\u00fchne im Einsatz. \u201eOhne das gro\u00dfe Engagement der Sektionen und den gro\u00dfen Einsatz der Freiwilligen w\u00e4re die Austragung dieses Wettkampfs gar nicht m\u00f6glich\u201c, sagt Matthias Keller, der Organisations-Chef des Events und Ressortleiter Leistungssport beim DAV. <u><\/u><\/p>\n<p>Bild:<br \/>\nDAV_Boulder WM: Monika Retschy vom DAV M\u00fcnchen-Oberland im Halbfinale der WM 2014.<\/p>\n<p><u>Hintergrund:<\/u><\/p>\n<p>Die Sektion Fulda des Deutschen Alpenvereins wurde 1886 gegr\u00fcndet und z\u00e4hlt \u00fcber 4.000 Mitglieder. Damit ist der Verein der mitgliederst\u00e4rkste in der Region Fulda. Die Vereinsmitglieder sind in den Gruppen \u201eJugend\u201c, \u201eKlettern\u201c, \u201eAlpine Touren\u201c, \u201eWandern\u201c, \u201eMountainbike\u201c, \u201eSport\u201c und \u201eFamilie\u201c aktiv. Zum Jugendbereich geh\u00f6rt auch eine Leistungsgruppe, die regelm\u00e4\u00dfig erfolgreich an \u00fcberregionalen Wettk\u00e4mpfen teilnimmt.<\/p>\n<p>Dar\u00fcber hinaus besitzt die Sektion Fulda die Enzianh\u00fctte in der Rh\u00f6n und betreut den Fuldaer H\u00f6henweg im \u00f6sterreichischen Pitztal.<\/p>\n<p>Neben den sportlichen Aktivit\u00e4ten engagieren sich die Mitglieder auch f\u00fcr den Naturschutz und die Gesellschaft z.B. im Rahmen der j\u00e4hrlichen Osterputzaktion oder von Inklusionsaktionen.<\/p>\n<p>Der Deutsche Alpenverein ist der gr\u00f6\u00dfte Bergsportverein der Welt und einer der\u00c2\u00a0gro\u00dfen Sport- und Naturschutzverb\u00e4nde in Deutschland. Insgesamt z\u00e4hlt er \u00fcber 1 Millionen Mitglieder in mehr als 350 bundesweiten Sektionen.<\/p>\n","protected":false},"excerpt":{"rendered":"<div class=\"tmnf_excerpt\"><p>Das Kletterzentrum Fulda in Petersberg \u00fcbertr\u00e4gt am 14. und 15. August live das Finale der Boulderweltcup-Serie aus dem M\u00fcnchner Olmpiastation. Bei einer deutschen Rekordbeteiligung ist Spannung bis zur letzten Minute garantiert. Am 14. und 15. August findet im M\u00fcnchner Olympiastadion zum f\u00fcnften Mal das Finale des IFSC Boulder Worldcups statt. Das deutsche Team hat in &hellip;<\/p>\n<\/div>","protected":false},"author":1,"featured_media":141923,"comment_status":"closed","ping_status":"closed","sticky":false,"template":"","format":"standard","meta":{"footnotes":""},"categories":[46],"tags":[],"class_list":["post-141919","post","type-post","status-publish","format-standard","has-post-thumbnail","hentry","category-sport"],"_links":{"self":[{"href":"https:\/\/www.fuldaernachrichten.de\/index.php?rest_route=\/wp\/v2\/posts\/141919","targetHints":{"allow":["GET"]}}],"collection":[{"href":"https:\/\/www.fuldaernachrichten.de\/index.php?rest_route=\/wp\/v2\/posts"}],"about":[{"href":"https:\/\/www.fuldaernachrichten.de\/index.php?rest_route=\/wp\/v2\/types\/post"}],"author":[{"embeddable":true,"href":"https:\/\/www.fuldaernachrichten.de\/index.php?rest_route=\/wp\/v2\/users\/1"}],"replies":[{"embeddable":true,"href":"https:\/\/www.fuldaernachrichten.de\/index.php?rest_route=%2Fwp%2Fv2%2Fcomments&post=141919"}],"version-history":[{"count":1,"href":"https:\/\/www.fuldaernachrichten.de\/index.php?rest_route=\/wp\/v2\/posts\/141919\/revisions"}],"predecessor-version":[{"id":141924,"href":"https:\/\/www.fuldaernachrichten.de\/index.php?rest_route=\/wp\/v2\/posts\/141919\/revisions\/141924"}],"wp:featuredmedia":[{"embeddable":true,"href":"https:\/\/www.fuldaernachrichten.de\/index.php?rest_route=\/wp\/v2\/media\/141923"}],"wp:attachment":[{"href":"https:\/\/www.fuldaernachrichten.de\/index.php?rest_route=%2Fwp%2Fv2%2Fmedia&parent=141919"}],"wp:term":[{"taxonomy":"category","embeddable":true,"href":"https:\/\/www.fuldaernachrichten.de\/index.php?rest_route=%2Fwp%2Fv2%2Fcategories&post=141919"},{"taxonomy":"post_tag","embeddable":true,"href":"https:\/\/www.fuldaernachrichten.de\/index.php?rest_route=%2Fwp%2Fv2%2Ftags&post=141919"}],"curies":[{"name":"wp","href":"https:\/\/api.w.org\/{rel}","templated":true}]}}