{"id":141907,"date":"2015-08-07T18:37:21","date_gmt":"2015-08-07T16:37:21","guid":{"rendered":"http:\/\/www.fuldaer-nachrichten.de\/?p=141907"},"modified":"2015-08-07T18:37:21","modified_gmt":"2015-08-07T16:37:21","slug":"so-viele-azubis-wie-noch-nie-bei-der-kreisverwaltung","status":"publish","type":"post","link":"https:\/\/www.fuldaernachrichten.de\/?p=141907","title":{"rendered":"So viele Azubis wie noch nie bei der Kreisverwaltung"},"content":{"rendered":"<p><strong>Es ist wohl ein Rekordjahrgang, denn in der Kreisverwaltung sind so viele junge Menschen ins Berufsleben gestartet wie noch nie. Neun Auszubildende sowie ein Umsch\u00fcler, die den Beruf des Verwaltungsfachangestellten erlernen, f\u00fcnf Inspektorenanw\u00e4rterinnen, die ein duales Studium absolvieren, sowie vier Fachoberschul-Praktikanten wurden am vergangenen Montag von Landrat Bernd Woide und den Ausbildungsverantwortlichen begr\u00fc\u00dft. <\/strong><\/p>\n<p>\u201eWir sind sehr stolz darauf, dass wir so viele Auszubildende f\u00fcr die Kreisverwaltung gewinnen konnten\u201c, betonte der Landrat und skizzierte die unterschiedlichen Fachgebiete, T\u00e4tigkeitsbereiche und Themen der Kreisverwaltung, die von A wie Abfallwirtschaft bis Z wie Zulassung reichen. Woide w\u00fcnschte den jungen Leuten eine spannende Ausbildungszeit und ermutigte sie dazu, Fragen zu stellen und sich f\u00fcr die Themen zu interessieren, die die B\u00fcrger in der Region bewegten. Er verwies zudem auf den hohen Personalbedarf \u2013 in der Kreisverwaltung sind \u00fcber 1.000 Mitarbeiter in den unterschiedlichsten Bereichen t\u00e4tig \u2013 und die Karrierechancen.<\/p>\n<p>Personalratsvorsitzender Marco Hillenbrand gab den Auszubildenden mit auf den Weg, neugierig zu sein und auf die Menschen zuzugehen. Dem schlossen sich Willkommensgr\u00fc\u00dfe des Personalleiters Matthias Reinhard, der Frauenbeauftragten Edeltraud Weider, der Jugend- und Auszubildendenvertreterin Tamara Hohmann sowie der Ausbildungsleiterin Maria Post an. Der neue Lebensabschnitt bedeute, Augen und Ohren offen zu halten, mitzudenken und selbst die Initiative zu ergreifen, so Maria Post. \u201eDer \u00dcbergang von der Schule in das Arbeitsleben stellt eine gro\u00dfe Ver\u00e4nderung dar, aber wir werden uns alle bem\u00fchen, dass Sie den Einstieg in das Berufsleben gut meistern.\u201c<\/p>\n<p>Eine erste gro\u00dfe H\u00fcrde, n\u00e4mlich den Bewerbungsmarathon, h\u00e4tten alle mit Bravour bew\u00e4ltigt, so die Ausbildungsleiterin. Laut Maria Post hatten sich 116 junge Leute f\u00fcr die Ausbildung zum Verwaltungsfachangestellten und 152 f\u00fcr das duale Studium Allgemeine Verwaltung beworben. Bei so einer hohen Zahl an Bewerbern das Rennen gemacht zu haben, sei ein Grund stolz zu sein \u2013 auch f\u00fcr die Eltern, die ebenfalls zur der Einstellungsveranstaltung eingeladen waren. Nach der \u00dcberreichung der Ausbildungsvertr\u00e4ge und Ernennungsurkunden durch Landrat Woide lud er die Auszubildenden sowie deren Eltern ein, einen Blick in sein Dienstzimmer zu werfen.<\/p>\n<p>Danach folgten eine Power-Point-Pr\u00e4sentation sowie die Vorf\u00fchrung eines Ausbildungsfilms, den die Auszubildenden der Kreisverwaltung im vergangenen Jahr eigenverantwortlich produziert hatten. Dem besseren Kennenlernen untereinander diente ein gemeinsames Fr\u00fchst\u00fcck, dem sich ein Wissensquiz in Form einer \u201eAmtsrallye\u201c anschloss. Nach der Aush\u00e4ndigung von weiterem Informationsmaterial sowie der Abwicklung der notwendigen formalen Dinge klang die Veranstaltung aus.<\/p>\n<p><u>Eine Ausbildung zum\/zur Verwaltungsfachangestellten absolvieren:<\/u> Chris Deigm\u00fcller, Rebecca Ebert, Katharina Hartmann. Mareike H\u00f6hl, Vanessa Krech, Lukas Lorenzen, Sophia Ruppel, Jessica Wald, Andreas Weisbeck<\/p>\n<p><u>Eine Umschulung zum Verwaltungsfachangestellten absolviert<\/u>: Steffen Hohmann<\/p>\n<p><u>Das duale Studium \u201eAllgemeine Verwaltung\u201c, das am 1. September beginnt, absolvieren<\/u>:<\/p>\n<p>Laura Gr\u00f6sch, Kerstin H\u00f6hne, Vanessa Kunzendorf, Hannah Kratzenberger, Anne Limpert<\/p>\n<p><u>Ein einj\u00e4hriges FOS-Praktikum absolvieren<\/u>: Alina Gerhardt, Marius M\u00fcller, Paulin Koch, Karina Kehl<\/p>\n<p>Bild: Landrat Bernd Woide (li.) und die Ausbildungsverantwortlichen der Kreisverwaltung begr\u00fc\u00dften so viele Azubis wie noch nie. Foto: D. Heydenreich<\/p>\n","protected":false},"excerpt":{"rendered":"<div class=\"tmnf_excerpt\"><p>Es ist wohl ein Rekordjahrgang, denn in der Kreisverwaltung sind so viele junge Menschen ins Berufsleben gestartet wie noch nie. Neun Auszubildende sowie ein Umsch\u00fcler, die den Beruf des Verwaltungsfachangestellten erlernen, f\u00fcnf Inspektorenanw\u00e4rterinnen, die ein duales Studium absolvieren, sowie vier Fachoberschul-Praktikanten wurden am vergangenen Montag von Landrat Bernd Woide und den Ausbildungsverantwortlichen begr\u00fc\u00dft. \u201eWir sind &hellip;<\/p>\n<\/div>","protected":false},"author":1,"featured_media":141910,"comment_status":"closed","ping_status":"closed","sticky":false,"template":"","format":"standard","meta":{"footnotes":""},"categories":[53],"tags":[],"class_list":["post-141907","post","type-post","status-publish","format-standard","has-post-thumbnail","hentry","category-bildung"],"_links":{"self":[{"href":"https:\/\/www.fuldaernachrichten.de\/index.php?rest_route=\/wp\/v2\/posts\/141907","targetHints":{"allow":["GET"]}}],"collection":[{"href":"https:\/\/www.fuldaernachrichten.de\/index.php?rest_route=\/wp\/v2\/posts"}],"about":[{"href":"https:\/\/www.fuldaernachrichten.de\/index.php?rest_route=\/wp\/v2\/types\/post"}],"author":[{"embeddable":true,"href":"https:\/\/www.fuldaernachrichten.de\/index.php?rest_route=\/wp\/v2\/users\/1"}],"replies":[{"embeddable":true,"href":"https:\/\/www.fuldaernachrichten.de\/index.php?rest_route=%2Fwp%2Fv2%2Fcomments&post=141907"}],"version-history":[{"count":1,"href":"https:\/\/www.fuldaernachrichten.de\/index.php?rest_route=\/wp\/v2\/posts\/141907\/revisions"}],"predecessor-version":[{"id":141911,"href":"https:\/\/www.fuldaernachrichten.de\/index.php?rest_route=\/wp\/v2\/posts\/141907\/revisions\/141911"}],"wp:featuredmedia":[{"embeddable":true,"href":"https:\/\/www.fuldaernachrichten.de\/index.php?rest_route=\/wp\/v2\/media\/141910"}],"wp:attachment":[{"href":"https:\/\/www.fuldaernachrichten.de\/index.php?rest_route=%2Fwp%2Fv2%2Fmedia&parent=141907"}],"wp:term":[{"taxonomy":"category","embeddable":true,"href":"https:\/\/www.fuldaernachrichten.de\/index.php?rest_route=%2Fwp%2Fv2%2Fcategories&post=141907"},{"taxonomy":"post_tag","embeddable":true,"href":"https:\/\/www.fuldaernachrichten.de\/index.php?rest_route=%2Fwp%2Fv2%2Ftags&post=141907"}],"curies":[{"name":"wp","href":"https:\/\/api.w.org\/{rel}","templated":true}]}}