{"id":141892,"date":"2015-08-07T18:32:52","date_gmt":"2015-08-07T16:32:52","guid":{"rendered":"http:\/\/www.fuldaer-nachrichten.de\/?p=141892"},"modified":"2015-08-07T18:32:52","modified_gmt":"2015-08-07T16:32:52","slug":"beruflicher-nachwuchs-startet-durch-fcn-begruesst-zwei-neue-auszubildende-und-drei-fos-jahrespraktikanten","status":"publish","type":"post","link":"https:\/\/www.fuldaernachrichten.de\/?p=141892","title":{"rendered":"Beruflicher Nachwuchs startet durch FCN begr\u00fc\u00dft zwei neue Auszubildende und drei FOS-Jahrespraktikanten"},"content":{"rendered":"<p><a href=\"http:\/\/www.fuldaer-nachrichten.de\/wp-content\/uploads\/2015\/08\/FCN-Nachwuchskr\u00e4fte-2015-2.jpg\"><img decoding=\"async\" class=\"alignleft size-thumbnail wp-image-141899\" src=\"http:\/\/www.fuldaer-nachrichten.de\/wp-content\/uploads\/2015\/08\/FCN-Nachwuchskr\u00e4fte-2015-2-265x177.jpg\" alt=\"FCN-Nachwuchskr\u00e4fte 2015 -2\" width=\"265\" height=\"177\" \/><\/a>Im FCN-Team gibt es seit Anfang August zwei neue Auszubildende und drei FOS-Jahrespraktikanten. FCN-Ausbildungsleiter Burkhard Walch begr\u00fc\u00dfte den Nachwuchs in der Fuldaer Zentrale und w\u00fcnschte einen erfolgreichen Start ins Berufsleben.<br \/>\n\u201eWir bieten jungen Menschen vielseitige M\u00f6glichkeiten, ihre beruflichen Ziele umzusetzen: Unsere Neuen durchlaufen bei FCN eine fundierte Ausbildung und lernen dabei mehrere Abteilungen kennen\u201c, betont Burkhard Walch und erg\u00e4nzt: \u201eGleichzeitig m\u00f6chten wir mit gut ausgebildeten Fachkr\u00e4ften die Zukunft unseres Betriebs sichern. Deshalb freuen wir uns \u00fcber die dauerhaft gute Ausbildungsquote. Vor allem im gewerblichen Bereich ist in den verschiedenen FCN-Werken Nachwuchs willkommen.\u201c<\/p>\n<p>&nbsp;<\/p>\n<p>Ihre Ausbildung als Industriekauffrau hat Jasmin Freiin von und zu der Tann gerade im Verkauf und Sekretariat der Betonelemente-Sparte des Fuldaer Traditionsunternehmens begonnen. Roman Streitenbergers erste Station im Rahmen seiner Ausbildung zum Industriekaufmann ist die FCN-Rechnungskontrolle.<br \/>\nEin FOS-Jahrespraktikum absolvieren ab sofort Adrian Hartung mit erster Station in der Zentralen Disposition und Logistik (ZEDILO), Justin Graupner mit dem Start im Technischen B\u00fcro bei der Fertigteiltechnik-Sparte und Marina Sippel, die zuerst die Rechnungskontrolle kennenlernt.<\/p>\n<p>&nbsp;<\/p>\n","protected":false},"excerpt":{"rendered":"<div class=\"tmnf_excerpt\"><p>Im FCN-Team gibt es seit Anfang August zwei neue Auszubildende und drei FOS-Jahrespraktikanten. FCN-Ausbildungsleiter Burkhard Walch begr\u00fc\u00dfte den Nachwuchs in der Fuldaer Zentrale und w\u00fcnschte einen erfolgreichen Start ins Berufsleben. \u201eWir bieten jungen Menschen vielseitige M\u00f6glichkeiten, ihre beruflichen Ziele umzusetzen: Unsere Neuen durchlaufen bei FCN eine fundierte Ausbildung und lernen dabei mehrere Abteilungen kennen\u201c, betont &hellip;<\/p>\n<\/div>","protected":false},"author":1,"featured_media":141895,"comment_status":"closed","ping_status":"closed","sticky":false,"template":"","format":"standard","meta":{"footnotes":""},"categories":[53],"tags":[],"class_list":["post-141892","post","type-post","status-publish","format-standard","has-post-thumbnail","hentry","category-bildung"],"_links":{"self":[{"href":"https:\/\/www.fuldaernachrichten.de\/index.php?rest_route=\/wp\/v2\/posts\/141892","targetHints":{"allow":["GET"]}}],"collection":[{"href":"https:\/\/www.fuldaernachrichten.de\/index.php?rest_route=\/wp\/v2\/posts"}],"about":[{"href":"https:\/\/www.fuldaernachrichten.de\/index.php?rest_route=\/wp\/v2\/types\/post"}],"author":[{"embeddable":true,"href":"https:\/\/www.fuldaernachrichten.de\/index.php?rest_route=\/wp\/v2\/users\/1"}],"replies":[{"embeddable":true,"href":"https:\/\/www.fuldaernachrichten.de\/index.php?rest_route=%2Fwp%2Fv2%2Fcomments&post=141892"}],"version-history":[{"count":1,"href":"https:\/\/www.fuldaernachrichten.de\/index.php?rest_route=\/wp\/v2\/posts\/141892\/revisions"}],"predecessor-version":[{"id":141902,"href":"https:\/\/www.fuldaernachrichten.de\/index.php?rest_route=\/wp\/v2\/posts\/141892\/revisions\/141902"}],"wp:featuredmedia":[{"embeddable":true,"href":"https:\/\/www.fuldaernachrichten.de\/index.php?rest_route=\/wp\/v2\/media\/141895"}],"wp:attachment":[{"href":"https:\/\/www.fuldaernachrichten.de\/index.php?rest_route=%2Fwp%2Fv2%2Fmedia&parent=141892"}],"wp:term":[{"taxonomy":"category","embeddable":true,"href":"https:\/\/www.fuldaernachrichten.de\/index.php?rest_route=%2Fwp%2Fv2%2Fcategories&post=141892"},{"taxonomy":"post_tag","embeddable":true,"href":"https:\/\/www.fuldaernachrichten.de\/index.php?rest_route=%2Fwp%2Fv2%2Ftags&post=141892"}],"curies":[{"name":"wp","href":"https:\/\/api.w.org\/{rel}","templated":true}]}}