{"id":141825,"date":"2015-08-06T15:54:05","date_gmt":"2015-08-06T13:54:05","guid":{"rendered":"http:\/\/www.fuldaer-nachrichten.de\/?p=141825"},"modified":"2015-08-06T15:54:05","modified_gmt":"2015-08-06T13:54:05","slug":"landkreis-fulda-bietet-sicheren-arbeitsplatz-mit-guten-aufstiegsmoeglichkeiten","status":"publish","type":"post","link":"https:\/\/www.fuldaernachrichten.de\/?p=141825","title":{"rendered":"Landkreis Fulda bietet sicheren Arbeitsplatz mit guten Aufstiegsm\u00f6glichkeiten"},"content":{"rendered":"<p><strong>Am vergangenen Mittwoch bekamen Sarah Gwosdek, Tamara Hohmann und Anna-Lena Vogt, Auszubildende des dritten Lehrjahres beim Landkreis Fulda, im Gemeindezentrum Neuhof ihre Abschlusszeugnisse \u00fcberreicht. Insgesamt konnte Landrat Bernd Woide acht Verwaltungsfachangestellten zur bestandenen Pr\u00fcfung gratulieren. <\/strong><\/p>\n<p>Der weitere berufliche Weg wird die 21-J\u00e4hrigen, die in Fulda, Eichenried und Arzell beheimatet sind, zun\u00e4chst zum zentralen B\u00fcrgerservice der Kreisverwaltung f\u00fchren. Bis Oktober durchlaufen sie in einer Trainingsphase noch verschiedene Stationen, um sich auf ihren neuen Aufgabenbereich vorzubereiten. Der k\u00fcnftigen T\u00e4tigkeit sehen sie erwartungsvoll entgegen, da diese die Chance biete, eigene Ideen einzubringen und so manches Vorurteil \u00fcber die \u00f6ffentliche Verwaltung wie schlechte Erreichbarkeit und unfreundliche Mitarbeiten zu korrigieren. \u201eDie B\u00fcrger sollen sich mit ihren Anliegen ernst genommen f\u00fchlen.\u201c<\/p>\n<p>Ihre dreij\u00e4hrige Ausbildung beurteilen Sarah, Tamara und Anna-Lena im R\u00fcckblick als interessant, vielseitig und abwechslungsreich. Am Anfang h\u00e4tten sie sich gar nicht vorstellen k\u00f6nnen, wof\u00fcr der Landkreis Fulda \u2013 von A wie Abfall bis Z wie Zulassung \u2013 alles zust\u00e4ndig sei. Durch den regelm\u00e4\u00dfigen Wechsel zwischen den unterschiedlichen Fachdiensten und Sachgebieten seien sie im Kreishaus und in den Au\u00dfenstellen viel herumgekommen. Verwaltung bedeute eben nicht nur B\u00fcroarbeit. \u201eEs werden junge Leute gebraucht, die eher mit Kunden umgehen, aber auch solche, die sich lieber mit Zahlen besch\u00e4ftigen.\u201c<\/p>\n<p>Die Reaktionen im Umfeld auf ihre Ausbildung beim Landkreis h\u00e4tten von Freude \u00fcber einen sicheren Arbeitsplatz mit Aufstiegsm\u00f6glichkeiten bis hin zu dem \u00fcblichen Frotzeln unter Jugendlichen gereicht, berichten die drei. Aufgrund des hohen Praxisbezugs der einzelnen Ausbildungsabschnitte und der Begleitung durch geschulte Ausbilder seien sie auf die Pr\u00fcfungen gut vorbereitet gewesen. Hieran habe auch Ausbildungsleiterin Maria Post ihren Anteil. Als hervorragend empfinden Sarah, Tamara und Anna-Lena den Zusammenhalt unter den Auszubildenden. \u201eWir sind immer mehr zu einer echten Gemeinschaft zusammengewachsen.\u201c<\/p>\n<p>Nachdem die drei Mitarbeiterinnen der Kreisverwaltung Ausbildung und Pr\u00fcfung erfolgreich bew\u00e4ltigt haben, wollen sie die n\u00e4chste Zeit etwas entspannter angehen und das Lernen vorerst in den Hintergrund treten lassen, ohne denkbare weitere berufliche Perspektiven beim Landkreis wie beispielsweise ein duales Studium ganz aus dem Blick zu verlieren. Jetzt aber \u00fcberwiegen Vorfreude und eine gespannte Erwartungshaltung auf den neuen Arbeitsplatz im zentralen B\u00fcrgerservice. Dort sei es das Ziel, den Menschen die Gewissheit zu vermitteln, dass ihnen im Landratsamt schnell, effektiv und kundenorientiert geholfen werde.<\/p>\n","protected":false},"excerpt":{"rendered":"<div class=\"tmnf_excerpt\"><p>Am vergangenen Mittwoch bekamen Sarah Gwosdek, Tamara Hohmann und Anna-Lena Vogt, Auszubildende des dritten Lehrjahres beim Landkreis Fulda, im Gemeindezentrum Neuhof ihre Abschlusszeugnisse \u00fcberreicht. Insgesamt konnte Landrat Bernd Woide acht Verwaltungsfachangestellten zur bestandenen Pr\u00fcfung gratulieren. Der weitere berufliche Weg wird die 21-J\u00e4hrigen, die in Fulda, Eichenried und Arzell beheimatet sind, zun\u00e4chst zum zentralen B\u00fcrgerservice der &hellip;<\/p>\n<\/div>","protected":false},"author":1,"featured_media":141819,"comment_status":"closed","ping_status":"closed","sticky":false,"template":"","format":"standard","meta":{"footnotes":""},"categories":[1,53],"tags":[],"class_list":["post-141825","post","type-post","status-publish","format-standard","has-post-thumbnail","hentry","category-startseite","category-bildung"],"_links":{"self":[{"href":"https:\/\/www.fuldaernachrichten.de\/index.php?rest_route=\/wp\/v2\/posts\/141825","targetHints":{"allow":["GET"]}}],"collection":[{"href":"https:\/\/www.fuldaernachrichten.de\/index.php?rest_route=\/wp\/v2\/posts"}],"about":[{"href":"https:\/\/www.fuldaernachrichten.de\/index.php?rest_route=\/wp\/v2\/types\/post"}],"author":[{"embeddable":true,"href":"https:\/\/www.fuldaernachrichten.de\/index.php?rest_route=\/wp\/v2\/users\/1"}],"replies":[{"embeddable":true,"href":"https:\/\/www.fuldaernachrichten.de\/index.php?rest_route=%2Fwp%2Fv2%2Fcomments&post=141825"}],"version-history":[{"count":1,"href":"https:\/\/www.fuldaernachrichten.de\/index.php?rest_route=\/wp\/v2\/posts\/141825\/revisions"}],"predecessor-version":[{"id":141826,"href":"https:\/\/www.fuldaernachrichten.de\/index.php?rest_route=\/wp\/v2\/posts\/141825\/revisions\/141826"}],"wp:featuredmedia":[{"embeddable":true,"href":"https:\/\/www.fuldaernachrichten.de\/index.php?rest_route=\/wp\/v2\/media\/141819"}],"wp:attachment":[{"href":"https:\/\/www.fuldaernachrichten.de\/index.php?rest_route=%2Fwp%2Fv2%2Fmedia&parent=141825"}],"wp:term":[{"taxonomy":"category","embeddable":true,"href":"https:\/\/www.fuldaernachrichten.de\/index.php?rest_route=%2Fwp%2Fv2%2Fcategories&post=141825"},{"taxonomy":"post_tag","embeddable":true,"href":"https:\/\/www.fuldaernachrichten.de\/index.php?rest_route=%2Fwp%2Fv2%2Ftags&post=141825"}],"curies":[{"name":"wp","href":"https:\/\/api.w.org\/{rel}","templated":true}]}}