{"id":141776,"date":"2015-08-05T04:23:20","date_gmt":"2015-08-05T02:23:20","guid":{"rendered":"http:\/\/www.fuldaer-nachrichten.de\/?p=141776"},"modified":"2015-08-04T15:23:40","modified_gmt":"2015-08-04T13:23:40","slug":"judy-bailey-die-bekannte-saengerin-live-in-concert","status":"publish","type":"post","link":"https:\/\/www.fuldaernachrichten.de\/?p=141776","title":{"rendered":"Judy Bailey &#8211; Die bekannte S\u00e4ngerin live in Concert"},"content":{"rendered":"<p>Sie ist DIE Stimme der Kirchentage \u2013 und sie kommt mit ihrer Band nach Tann: Judy Bailey. Die erfolgreiche christliche Pops\u00e4ngerin singt von der Liebe Gottes und trifft damit mitten ins Herz. Mit der Verbindung aus moderner Popmusik und pers\u00f6nlicher Religiosit\u00e4t hat sie einen ganz wunderbaren, besonderen und eigenen Stil gefunden. Bailey Texte spiegeln offen und echt ihren Glauben und ihr Leben wider. Sie singt von tiefer Sehnsucht nach Gott, Vertrauen trotz aller Schwierigkeiten und gro\u00dfer Dankbarkeit. Ihre Musik ist mitrei\u00dfend und gleichzeitig voller Glauben, Hoffnung und \u00fcbersprudelnder Freude \u2013 das macht ihre Konzerte zu einem verbindenden Gemeinschaftserlebnis.<\/p>\n<p>Der Eintritt betr\u00e4gt im Vorverkauf 10 \u00e2\u201a\u00ac (8 \u00e2\u201a\u00ac erm\u00e4\u00dfigt) und an der Abendkasse 12 \u00e2\u201a\u00ac (9 \u00e2\u201a\u00ac erm\u00e4\u00dfigt); Familien (zwei Erwachsene und Kinder) zahlen 20 \u00e2\u201a\u00ac. Kartenvorverkaufsstellen in Tann sind die dortige Gesch\u00e4ftsstelle der VR-Bank NordRh\u00f6n (Marktplatz 3), das Ochsenb\u00e4ckerHaus (Marktstra\u00dfe 9), Schreibwaren Krenzer (Steinweg 1) und die Touristinfo (Marktplatz 9).<\/p>\n<p>Erm\u00f6glicht wird das Konzert durch die freundliche Unterst\u00fctzung des Kultursommers Main-Kinzig-Fulda, durch Gasthof und Pension \u201eL\u00e4mmchen\u201c (Tann-Schlitzenhausen) und Karl Rehm &#8211; Zimmerei und Holzbau (Tann-Lahrbach).<\/p>\n","protected":false},"excerpt":{"rendered":"<div class=\"tmnf_excerpt\"><p>Sie ist DIE Stimme der Kirchentage \u2013 und sie kommt mit ihrer Band nach Tann: Judy Bailey. Die erfolgreiche christliche Pops\u00e4ngerin singt von der Liebe Gottes und trifft damit mitten ins Herz. Mit der Verbindung aus moderner Popmusik und pers\u00f6nlicher Religiosit\u00e4t hat sie einen ganz wunderbaren, besonderen und eigenen Stil gefunden. Bailey Texte spiegeln offen &hellip;<\/p>\n<\/div>","protected":false},"author":1,"featured_media":141779,"comment_status":"closed","ping_status":"closed","sticky":false,"template":"","format":"standard","meta":{"footnotes":""},"categories":[1,44],"tags":[],"class_list":["post-141776","post","type-post","status-publish","format-standard","has-post-thumbnail","hentry","category-startseite","category-kultur"],"_links":{"self":[{"href":"https:\/\/www.fuldaernachrichten.de\/index.php?rest_route=\/wp\/v2\/posts\/141776","targetHints":{"allow":["GET"]}}],"collection":[{"href":"https:\/\/www.fuldaernachrichten.de\/index.php?rest_route=\/wp\/v2\/posts"}],"about":[{"href":"https:\/\/www.fuldaernachrichten.de\/index.php?rest_route=\/wp\/v2\/types\/post"}],"author":[{"embeddable":true,"href":"https:\/\/www.fuldaernachrichten.de\/index.php?rest_route=\/wp\/v2\/users\/1"}],"replies":[{"embeddable":true,"href":"https:\/\/www.fuldaernachrichten.de\/index.php?rest_route=%2Fwp%2Fv2%2Fcomments&post=141776"}],"version-history":[{"count":1,"href":"https:\/\/www.fuldaernachrichten.de\/index.php?rest_route=\/wp\/v2\/posts\/141776\/revisions"}],"predecessor-version":[{"id":141780,"href":"https:\/\/www.fuldaernachrichten.de\/index.php?rest_route=\/wp\/v2\/posts\/141776\/revisions\/141780"}],"wp:featuredmedia":[{"embeddable":true,"href":"https:\/\/www.fuldaernachrichten.de\/index.php?rest_route=\/wp\/v2\/media\/141779"}],"wp:attachment":[{"href":"https:\/\/www.fuldaernachrichten.de\/index.php?rest_route=%2Fwp%2Fv2%2Fmedia&parent=141776"}],"wp:term":[{"taxonomy":"category","embeddable":true,"href":"https:\/\/www.fuldaernachrichten.de\/index.php?rest_route=%2Fwp%2Fv2%2Fcategories&post=141776"},{"taxonomy":"post_tag","embeddable":true,"href":"https:\/\/www.fuldaernachrichten.de\/index.php?rest_route=%2Fwp%2Fv2%2Ftags&post=141776"}],"curies":[{"name":"wp","href":"https:\/\/api.w.org\/{rel}","templated":true}]}}