{"id":141745,"date":"2015-08-04T07:48:38","date_gmt":"2015-08-04T05:48:38","guid":{"rendered":"http:\/\/www.fuldaer-nachrichten.de\/?p=141745"},"modified":"2015-08-04T07:48:38","modified_gmt":"2015-08-04T05:48:38","slug":"osthessenkicker-06-e-v-grossenlueder-erste-mannschaft-weiter-auf-erfolgskurs","status":"publish","type":"post","link":"https:\/\/www.fuldaernachrichten.de\/?p=141745","title":{"rendered":"Osthessenkicker 06 e.V. Gro\u00dfenl\u00fcder &#8211; Erste Mannschaft weiter auf Erfolgskurs"},"content":{"rendered":"<p>Die erste Mannschaft der Osthessenkicker spielte am 7. Spieltag der Landesliga Nord ausw\u00e4rts gegen das Team des ASC G\u00f6ttingen 3. Zun\u00e4chst sah es nicht nach einem Erfolg aus. Nach verpasstem Start liefen die Gro\u00dfenl\u00fcderer dem R\u00fcckstand bis kurz vor Spielende hinterher. Im drittletzten Spiel schafften sie dann den Ausgleich. In den letzten beiden Spielen bewiesen sie Nervenst\u00e4rke und drehten die Partie buchst\u00e4blich in letzter Minute zum 25:27. Mit dem f\u00fcnften Sieg in sieben Spielen bleiben Sie weiterhin Tabellenf\u00fchrer in der Landesliga Nord.<\/p>\n<p>Zweite feiert Start-Ziel-Sieg<br \/>\nDie zweite Mannschaft spielte in der heimischen Kickerarena im L\u00fcderhaus gegen den TFC Kassel 2. Die Gro\u00dfenl\u00fcderer gewannen ihre beiden Auftaktspiele souver\u00e4n und gingen schnell in F\u00fchrung. Diese bauten sie im Verlauf des Spiels deutlich aus. Bereits nach zweidrittel der absolvierten Spiele lagen die Osthessenkicker uneinholbar vorn und siegten am Ende mit 35:17 Punkten. Die zweite Mannschaft sichert so den zweiten Tabellenplatz in der Verbandsliga Nord.<\/p>\n<p>Dritte verliert gegen Tabellenf\u00fchrer<br \/>\nDie dritte Mannschaft traf ausw\u00e4rts auf den Tabellenf\u00fchrer der Verbandsliga Nord. Das Team der City Soccer 2 aus Kassel dominierte die Partie von Beginn an und ging schnell in F\u00fchrung. Die Osthessenkicker konnten nur schwer dagegen halten und verloren letztlich mit 42:10 Punkten.<\/p>\n<p>Osthessenkicker I:<br \/>\nDoppel: Alexander Bickert\/Markus M\u00fcller (4 Punkte), Marco Fr\u00f6hlich\/Kai Hainer (4 Punkte), Hakan Tosun\/Matthias Buder (10 Punkte),<br \/>\nEinzel: Matthias Buder (2 Punkte), Alexander Bickert (2 Punkte), Kai Hainer (2 Punkte), Hakan Tosun (3 Punkte)<\/p>\n<p>Osthessenkicker II:<br \/>\nDoppel: Bernd Kettner\/Yannic Hartmann (6 Punkte), Andreas Stumpf\/Tilman Augstein (9 Punkte), Tobias Fr\u00f6hlich\/Yannic Hartmann (9 Punkte)<br \/>\nEinzel: Bernd Kettner (3 Punkte), Tobias Fr\u00f6hlich (2 Punkte), Andreas Stumpf (4 Punkte), Yannic Hartmann (2 Punkte)<\/p>\n<p>Osthessenkicker III:<br \/>\nDoppel: Daniel Ziegler\/Marcel Kettner (3 Punkte), Moritz Schilar\/Jan Wagner (4 Punkte), Lars Valentin\/Philipp Eisenberg (2 Punkte)<br \/>\nEinzel: Philipp Eisenberg\u00c2\u00a0 (1 Punkt)<\/p>\n","protected":false},"excerpt":{"rendered":"<div class=\"tmnf_excerpt\"><p>Die erste Mannschaft der Osthessenkicker spielte am 7. Spieltag der Landesliga Nord ausw\u00e4rts gegen das Team des ASC G\u00f6ttingen 3. Zun\u00e4chst sah es nicht nach einem Erfolg aus. Nach verpasstem Start liefen die Gro\u00dfenl\u00fcderer dem R\u00fcckstand bis kurz vor Spielende hinterher. Im drittletzten Spiel schafften sie dann den Ausgleich. In den letzten beiden Spielen bewiesen &hellip;<\/p>\n<\/div>","protected":false},"author":1,"featured_media":141746,"comment_status":"closed","ping_status":"closed","sticky":false,"template":"","format":"standard","meta":{"footnotes":""},"categories":[46],"tags":[],"class_list":["post-141745","post","type-post","status-publish","format-standard","has-post-thumbnail","hentry","category-sport"],"_links":{"self":[{"href":"https:\/\/www.fuldaernachrichten.de\/index.php?rest_route=\/wp\/v2\/posts\/141745","targetHints":{"allow":["GET"]}}],"collection":[{"href":"https:\/\/www.fuldaernachrichten.de\/index.php?rest_route=\/wp\/v2\/posts"}],"about":[{"href":"https:\/\/www.fuldaernachrichten.de\/index.php?rest_route=\/wp\/v2\/types\/post"}],"author":[{"embeddable":true,"href":"https:\/\/www.fuldaernachrichten.de\/index.php?rest_route=\/wp\/v2\/users\/1"}],"replies":[{"embeddable":true,"href":"https:\/\/www.fuldaernachrichten.de\/index.php?rest_route=%2Fwp%2Fv2%2Fcomments&post=141745"}],"version-history":[{"count":1,"href":"https:\/\/www.fuldaernachrichten.de\/index.php?rest_route=\/wp\/v2\/posts\/141745\/revisions"}],"predecessor-version":[{"id":141747,"href":"https:\/\/www.fuldaernachrichten.de\/index.php?rest_route=\/wp\/v2\/posts\/141745\/revisions\/141747"}],"wp:featuredmedia":[{"embeddable":true,"href":"https:\/\/www.fuldaernachrichten.de\/index.php?rest_route=\/wp\/v2\/media\/141746"}],"wp:attachment":[{"href":"https:\/\/www.fuldaernachrichten.de\/index.php?rest_route=%2Fwp%2Fv2%2Fmedia&parent=141745"}],"wp:term":[{"taxonomy":"category","embeddable":true,"href":"https:\/\/www.fuldaernachrichten.de\/index.php?rest_route=%2Fwp%2Fv2%2Fcategories&post=141745"},{"taxonomy":"post_tag","embeddable":true,"href":"https:\/\/www.fuldaernachrichten.de\/index.php?rest_route=%2Fwp%2Fv2%2Ftags&post=141745"}],"curies":[{"name":"wp","href":"https:\/\/api.w.org\/{rel}","templated":true}]}}