{"id":141735,"date":"2015-08-03T17:00:03","date_gmt":"2015-08-03T15:00:03","guid":{"rendered":"http:\/\/www.fuldaer-nachrichten.de\/?p=141735"},"modified":"2015-08-03T17:00:03","modified_gmt":"2015-08-03T15:00:03","slug":"latein-intensivkurs-fuer-1-lernjahr","status":"publish","type":"post","link":"https:\/\/www.fuldaernachrichten.de\/?p=141735","title":{"rendered":"Latein-Intensivkurs f\u00fcr 1. Lernjahr"},"content":{"rendered":"<p>Ein Lateinkurs der Volkshochschule des Landkreises Fulda richtet sich an Sch\u00fclerinnen und Sch\u00fcler, die in einer Intensivwoche vor Schulbeginn noch einmal ihre Lateinkenntnisse auffrischen und Defizite ausgleichen m\u00f6chten. Die Teilnehmer erhalten dabei ihrem Kenntnisstand (1. Lernjahr) entsprechende \u00dcbungen und Texte und werden so zum selbst\u00e4ndigen Weiterlernen nach dem Kurs angeleitet. Der Ferienkurs beginnt am Montag, 31. August, um 13.15 Uhr im Georg-Stieler-Haus in Fulda, Gallasiniring 1. Infos und vorherige Anmeldung mit Kursnummer VK4110101 bitte unter www.vhs-fulda.de oder bei der VHS-Gesch\u00e4ftsstelle, Telefon (0661)25199-0.<\/p>\n","protected":false},"excerpt":{"rendered":"<div class=\"tmnf_excerpt\"><p>Ein Lateinkurs der Volkshochschule des Landkreises Fulda richtet sich an Sch\u00fclerinnen und Sch\u00fcler, die in einer Intensivwoche vor Schulbeginn noch einmal ihre Lateinkenntnisse auffrischen und Defizite ausgleichen m\u00f6chten. Die Teilnehmer erhalten dabei ihrem Kenntnisstand (1. Lernjahr) entsprechende \u00dcbungen und Texte und werden so zum selbst\u00e4ndigen Weiterlernen nach dem Kurs angeleitet. Der Ferienkurs beginnt am Montag, &hellip;<\/p>\n<\/div>","protected":false},"author":1,"featured_media":0,"comment_status":"closed","ping_status":"closed","sticky":false,"template":"","format":"standard","meta":{"footnotes":""},"categories":[1,53],"tags":[],"class_list":["post-141735","post","type-post","status-publish","format-standard","hentry","category-startseite","category-bildung"],"_links":{"self":[{"href":"https:\/\/www.fuldaernachrichten.de\/index.php?rest_route=\/wp\/v2\/posts\/141735","targetHints":{"allow":["GET"]}}],"collection":[{"href":"https:\/\/www.fuldaernachrichten.de\/index.php?rest_route=\/wp\/v2\/posts"}],"about":[{"href":"https:\/\/www.fuldaernachrichten.de\/index.php?rest_route=\/wp\/v2\/types\/post"}],"author":[{"embeddable":true,"href":"https:\/\/www.fuldaernachrichten.de\/index.php?rest_route=\/wp\/v2\/users\/1"}],"replies":[{"embeddable":true,"href":"https:\/\/www.fuldaernachrichten.de\/index.php?rest_route=%2Fwp%2Fv2%2Fcomments&post=141735"}],"version-history":[{"count":1,"href":"https:\/\/www.fuldaernachrichten.de\/index.php?rest_route=\/wp\/v2\/posts\/141735\/revisions"}],"predecessor-version":[{"id":141737,"href":"https:\/\/www.fuldaernachrichten.de\/index.php?rest_route=\/wp\/v2\/posts\/141735\/revisions\/141737"}],"wp:attachment":[{"href":"https:\/\/www.fuldaernachrichten.de\/index.php?rest_route=%2Fwp%2Fv2%2Fmedia&parent=141735"}],"wp:term":[{"taxonomy":"category","embeddable":true,"href":"https:\/\/www.fuldaernachrichten.de\/index.php?rest_route=%2Fwp%2Fv2%2Fcategories&post=141735"},{"taxonomy":"post_tag","embeddable":true,"href":"https:\/\/www.fuldaernachrichten.de\/index.php?rest_route=%2Fwp%2Fv2%2Ftags&post=141735"}],"curies":[{"name":"wp","href":"https:\/\/api.w.org\/{rel}","templated":true}]}}