{"id":141674,"date":"2015-08-02T07:58:19","date_gmt":"2015-08-02T05:58:19","guid":{"rendered":"http:\/\/www.fuldaer-nachrichten.de\/?p=141674"},"modified":"2015-08-02T07:58:19","modified_gmt":"2015-08-02T05:58:19","slug":"115-tanner-orgelmatinee-himmelsklang","status":"publish","type":"post","link":"https:\/\/www.fuldaernachrichten.de\/?p=141674","title":{"rendered":"115. Tanner Orgelmatinee: \u201eHimmelsklang\u201c"},"content":{"rendered":"<p>An den Sonntagen der Ferienmonate Juli und August finden jeweils um 11:00 Uhr \u2013 im Anschluss an den Gottesdienst \u2013 30min\u00fctige Matineen in der Tanner Stadtkirche statt, in deren Mittelpunkt die Orgel steht: Organisten und Instrumentalisten stellen in unterschiedlichster Besetzung die Vielfalt der Orgelmusik durch die Jahrhunderte vor.<\/p>\n<p>Organistin Anna Ziert (Mainz \/ Tann) und Harfenist David Fl\u00fcgel (N\u00fcsttal-Kermes) entf\u00fchren bei ihrer Orgelmatinee \u201eHimmelsklang\u201c am 9. August in himmlische Sph\u00e4ren. Auf dem Programm stehen Werke aus vier Jahrhunderten, darunter gro\u00dfe Orgelwerke von Johann Sebastian Bach sowie bekannte Melodien in klangsch\u00f6nem Gewand.<\/p>\n<p>Der Eintritt ist frei, eine Kollekte am Ausgang kommt der Erhaltung der Stadtkirchenorgel zugute! Die Orgelmatineen werden durch die VR-Bank NordRh\u00f6n eG gef\u00f6rdert.<\/p>\n<p>Die weiteren Orgelmatineen 2015:<\/p>\n<ul>\n<li>16. August \u00e2\u20ac\u00a2 Mit Menschen- und mit Engelzungen \u00e2\u20ac\u00a2 Eine musikalische Himmelsreise mit Thomas N\u00fcdling (Orgel) und irdische Anmerkungen von Uwe-Bernd Herchen<\/li>\n<li>23. August \u00e2\u20ac\u00a2 Typisch Deutsch \u00e2\u20ac\u00a2 Carla Braun (Orgel) und Stella Degenhardt (Oboe) spielen Werke von Bruhns, Telemann und Reger<\/li>\n<\/ul>\n","protected":false},"excerpt":{"rendered":"<div class=\"tmnf_excerpt\"><p>An den Sonntagen der Ferienmonate Juli und August finden jeweils um 11:00 Uhr \u2013 im Anschluss an den Gottesdienst \u2013 30min\u00fctige Matineen in der Tanner Stadtkirche statt, in deren Mittelpunkt die Orgel steht: Organisten und Instrumentalisten stellen in unterschiedlichster Besetzung die Vielfalt der Orgelmusik durch die Jahrhunderte vor. Organistin Anna Ziert (Mainz \/ Tann) und &hellip;<\/p>\n<\/div>","protected":false},"author":1,"featured_media":0,"comment_status":"closed","ping_status":"closed","sticky":false,"template":"","format":"standard","meta":{"footnotes":""},"categories":[1,50,44],"tags":[],"class_list":["post-141674","post","type-post","status-publish","format-standard","hentry","category-startseite","category-kirche","category-kultur"],"_links":{"self":[{"href":"https:\/\/www.fuldaernachrichten.de\/index.php?rest_route=\/wp\/v2\/posts\/141674","targetHints":{"allow":["GET"]}}],"collection":[{"href":"https:\/\/www.fuldaernachrichten.de\/index.php?rest_route=\/wp\/v2\/posts"}],"about":[{"href":"https:\/\/www.fuldaernachrichten.de\/index.php?rest_route=\/wp\/v2\/types\/post"}],"author":[{"embeddable":true,"href":"https:\/\/www.fuldaernachrichten.de\/index.php?rest_route=\/wp\/v2\/users\/1"}],"replies":[{"embeddable":true,"href":"https:\/\/www.fuldaernachrichten.de\/index.php?rest_route=%2Fwp%2Fv2%2Fcomments&post=141674"}],"version-history":[{"count":1,"href":"https:\/\/www.fuldaernachrichten.de\/index.php?rest_route=\/wp\/v2\/posts\/141674\/revisions"}],"predecessor-version":[{"id":141675,"href":"https:\/\/www.fuldaernachrichten.de\/index.php?rest_route=\/wp\/v2\/posts\/141674\/revisions\/141675"}],"wp:attachment":[{"href":"https:\/\/www.fuldaernachrichten.de\/index.php?rest_route=%2Fwp%2Fv2%2Fmedia&parent=141674"}],"wp:term":[{"taxonomy":"category","embeddable":true,"href":"https:\/\/www.fuldaernachrichten.de\/index.php?rest_route=%2Fwp%2Fv2%2Fcategories&post=141674"},{"taxonomy":"post_tag","embeddable":true,"href":"https:\/\/www.fuldaernachrichten.de\/index.php?rest_route=%2Fwp%2Fv2%2Ftags&post=141674"}],"curies":[{"name":"wp","href":"https:\/\/api.w.org\/{rel}","templated":true}]}}