{"id":141668,"date":"2015-08-01T09:46:15","date_gmt":"2015-08-01T07:46:15","guid":{"rendered":"http:\/\/www.fuldaer-nachrichten.de\/?p=141668"},"modified":"2015-08-01T09:46:15","modified_gmt":"2015-08-01T07:46:15","slug":"wenige-tage-bis-zum-kreisjugendfeuerwehrzeltlager-in-grossenlueder","status":"publish","type":"post","link":"https:\/\/www.fuldaernachrichten.de\/?p=141668","title":{"rendered":"Wenige Tage bis zum Kreisjugendfeuerwehrzeltlager in Gro\u00dfenl\u00fcder"},"content":{"rendered":"<p><a href=\"http:\/\/www.fuldaer-nachrichten.de\/wp-content\/uploads\/2015\/08\/DSC_0061.jpg\"><img decoding=\"async\" class=\"alignleft size-thumbnail wp-image-141671\" src=\"http:\/\/www.fuldaer-nachrichten.de\/wp-content\/uploads\/2015\/08\/DSC_0061-265x176.jpg\" alt=\"DSC_0061\" width=\"265\" height=\"176\" srcset=\"https:\/\/www.fuldaernachrichten.de\/wp-content\/uploads\/2015\/08\/DSC_0061-265x176.jpg 265w, https:\/\/www.fuldaernachrichten.de\/wp-content\/uploads\/2015\/08\/DSC_0061-600x399.jpg 600w, https:\/\/www.fuldaernachrichten.de\/wp-content\/uploads\/2015\/08\/DSC_0061.jpg 900w\" sizes=\"(max-width: 265px) 100vw, 265px\" \/><\/a>Auch in diesem Jahr startet der Jahresh\u00f6hepunkt der Feuerwehrjungend p\u00fcnktlich zum Sommerferienbeginn. Allerdings findet die Veranstaltung in diesem Jahr nur an einem\u00c2\u00a0 Wochenende statt. Bis zur letzten Minute war es knapp, denn zum Jahresbeginn gab es noch einen Ausrichter f\u00fcr das bei den Jugendlichen beliebte Zeltlager. Doch die Freiwillige Feuerwehr aus Gro\u00dfenl\u00fcder wollte die Tradition nicht unterbrechen lassen und entschloss sich, das Jahresevent der Kreisjugendfeuerwehr Fulda in Gro\u00dfenl\u00fcder auszurichten. Hierzu gab es nat\u00fcrlich bei der Kreisjugendfeuerwehr Fulda eine gro\u00dfe Erleichterung, denn wenn kein Ausrichter f\u00fcr die Veranstaltung vorhanden ist, kann die Kreisjugendfeuerwehr Fulda als Dachverband der Jugendfeuerwehren kein Zeltlager veranstalten, berichtet Kreisjugendfeuerwehrwart Steffen Hohmann.<\/p>\n<p>Das Kreisjugendfeuerwehrzeltlager findet in der Zeit von Donnerstag, 06. August bis Sonntag, 09. August 2015 statt. Auf der Wiese hinter dem \u201eL\u00fcderhaus\u201c, \u201eIm R\u00f6d\u201c wird die Zeltstadt mit \u00fcber 50 Zelten errichtet. Die Feuerwehr Gro\u00dfenl\u00fcder hat f\u00fcr dieses gro\u00dfe Event mit dem Kreisjugendfeuerwehrausschuss des Landkreises Fulda ein umfangreiches Programm zusammengestellt. Die Veranstaltung beginnt am Donnerstagnachmittag mit dem Aufbau der Zelte. Es folgen die Besprechung der Betreuer um 17.00 Uhr sowie die offizielle Er\u00f6ffnung um 18.30 Uhr. Hierzu werden zahlreiche G\u00e4ste aus Politik und Feuerwehr erwartet. Anschlie\u00dfend steht ein Erlebniskinoabend und ein \u201eMensch \u00e4rgere dich nicht \u2013 Turnier auf dem Plan. Am Freitag steht nach dem Fr\u00fchst\u00fcck, ab 9 Uhr eine Dorfrally rund um Gro\u00dfenl\u00fcder auf dem Programm. Nachmittags k\u00f6nnen sich die Gruppen im Freibad Bad Salzschlirf vergn\u00fcgen oder ein Fu\u00dfballturnier am Zeltplatz durchf\u00fchren. Das Freibad Bad Salzschlirf steht f\u00fcr alle Teilnehmer des Zeltlagers kostenlos zur Verf\u00fcgung. Nach dem Abendessen findet noch eine Nachwanderung statt. Der Samstag beginnt mit Feuerwehrausbildungseinheiten und Workshops, bei denen\u00c2\u00a0 die Jugendlichen verschiedene Themenbereiche besuchen k\u00f6nnen. Am Nachmittag gibt es die M\u00f6glichkeit wieder das Schwimmbad in Bad Salzschlirf zu besuchen. Ein \u00f6kumenischer Lagergottesdienst findet um 19.00 auf dem Zeltplatz statt. Das Abendprogramm sieht weiter eine Lagerdisco und eine Showeinlage zu \u201eJugendfeuerwehr sucht den Superstar\u201c vor. Der Sonntagmorgen beginnt nach dem gemeinsamen Wecken mit einem Lagerbrunch. Das gro\u00dfe Zeltlager wird dann gegen Mittag abgeschlossen. Zu dem Lager\u00c2\u00a0\u00c2\u00a0 werden \u00fcber 500 Jugendfeuerwehrmitglieder aus dem gesamten Landkreis Fulda\u00c2\u00a0 erwartet. Von den 136 Jugendfeuerwehrgruppen nimmt etwas mehr als ein Drittel der Mannschaften teil. Die Veranstaltung wird seit 1968 zum 47. Mal ausgerichtet und gilt bei den Jugendfeuerwehren zu den beliebtesten Veranstaltungen zum Beginn der Sommerpause.<\/p>\n","protected":false},"excerpt":{"rendered":"<div class=\"tmnf_excerpt\"><p>Auch in diesem Jahr startet der Jahresh\u00f6hepunkt der Feuerwehrjungend p\u00fcnktlich zum Sommerferienbeginn. Allerdings findet die Veranstaltung in diesem Jahr nur an einem\u00c2\u00a0 Wochenende statt. Bis zur letzten Minute war es knapp, denn zum Jahresbeginn gab es noch einen Ausrichter f\u00fcr das bei den Jugendlichen beliebte Zeltlager. Doch die Freiwillige Feuerwehr aus Gro\u00dfenl\u00fcder wollte die Tradition &hellip;<\/p>\n<\/div>","protected":false},"author":1,"featured_media":141670,"comment_status":"closed","ping_status":"closed","sticky":false,"template":"","format":"standard","meta":{"footnotes":""},"categories":[1,72,50],"tags":[],"class_list":["post-141668","post","type-post","status-publish","format-standard","has-post-thumbnail","hentry","category-startseite","category-jugend","category-kirche"],"_links":{"self":[{"href":"https:\/\/www.fuldaernachrichten.de\/index.php?rest_route=\/wp\/v2\/posts\/141668","targetHints":{"allow":["GET"]}}],"collection":[{"href":"https:\/\/www.fuldaernachrichten.de\/index.php?rest_route=\/wp\/v2\/posts"}],"about":[{"href":"https:\/\/www.fuldaernachrichten.de\/index.php?rest_route=\/wp\/v2\/types\/post"}],"author":[{"embeddable":true,"href":"https:\/\/www.fuldaernachrichten.de\/index.php?rest_route=\/wp\/v2\/users\/1"}],"replies":[{"embeddable":true,"href":"https:\/\/www.fuldaernachrichten.de\/index.php?rest_route=%2Fwp%2Fv2%2Fcomments&post=141668"}],"version-history":[{"count":1,"href":"https:\/\/www.fuldaernachrichten.de\/index.php?rest_route=\/wp\/v2\/posts\/141668\/revisions"}],"predecessor-version":[{"id":141673,"href":"https:\/\/www.fuldaernachrichten.de\/index.php?rest_route=\/wp\/v2\/posts\/141668\/revisions\/141673"}],"wp:featuredmedia":[{"embeddable":true,"href":"https:\/\/www.fuldaernachrichten.de\/index.php?rest_route=\/wp\/v2\/media\/141670"}],"wp:attachment":[{"href":"https:\/\/www.fuldaernachrichten.de\/index.php?rest_route=%2Fwp%2Fv2%2Fmedia&parent=141668"}],"wp:term":[{"taxonomy":"category","embeddable":true,"href":"https:\/\/www.fuldaernachrichten.de\/index.php?rest_route=%2Fwp%2Fv2%2Fcategories&post=141668"},{"taxonomy":"post_tag","embeddable":true,"href":"https:\/\/www.fuldaernachrichten.de\/index.php?rest_route=%2Fwp%2Fv2%2Ftags&post=141668"}],"curies":[{"name":"wp","href":"https:\/\/api.w.org\/{rel}","templated":true}]}}