{"id":141663,"date":"2015-08-01T09:45:59","date_gmt":"2015-08-01T07:45:59","guid":{"rendered":"http:\/\/www.fuldaer-nachrichten.de\/?p=141663"},"modified":"2015-08-01T09:45:59","modified_gmt":"2015-08-01T07:45:59","slug":"sommernachtsklaenge-am-musikpavillon-am-08-08-in-rueckers","status":"publish","type":"post","link":"https:\/\/www.fuldaernachrichten.de\/?p=141663","title":{"rendered":"Sommernachtskl\u00e4nge am Musikpavillon am 08.08. in R\u00fcckers"},"content":{"rendered":"<p><a href=\"http:\/\/www.fuldaer-nachrichten.de\/wp-content\/uploads\/2015\/08\/Alphornblaeser.jpg\"><img fetchpriority=\"high\" decoding=\"async\" class=\"alignleft size-thumbnail wp-image-141669\" src=\"http:\/\/www.fuldaer-nachrichten.de\/wp-content\/uploads\/2015\/08\/Alphornblaeser-265x199.jpg\" alt=\"Alphornblaeser\" width=\"265\" height=\"199\" srcset=\"https:\/\/www.fuldaernachrichten.de\/wp-content\/uploads\/2015\/08\/Alphornblaeser-265x199.jpg 265w, https:\/\/www.fuldaernachrichten.de\/wp-content\/uploads\/2015\/08\/Alphornblaeser-600x450.jpg 600w, https:\/\/www.fuldaernachrichten.de\/wp-content\/uploads\/2015\/08\/Alphornblaeser.jpg 900w\" sizes=\"(max-width: 265px) 100vw, 265px\" \/><\/a>Ein kleines Jubil\u00e4um feiert in diesem Jahr der DRK Spielmanns- und Fanfarenzug R\u00fcckers mit seiner Open-Air-Veranstaltung \u201cSommernachtskl\u00e4nge am Musikpavillon\u201c. Am Samstag, dem 08. August, findet die Konzertveranstaltung zum 5. Mal statt. In diesem Jahr werden ab 19:30 Uhr der Musikverein \u201eHeimatkl\u00e4nge\u201c Giesel, die Steinkammer Alphornbl\u00e4ser und die Landr\u00fcckenmusikanten im Bier- und Weingarten am DGH ihr musikalisches K\u00f6nnen zeigen. Bei Fackelschein und gem\u00fctlicher Atmosph\u00e4re werden diverse sommerliche Getr\u00e4nke, ausgesuchte Weine, leckere Bratwurst vom Grill und original italienische Pizza angeboten.<br \/>\nMusikalisch verw\u00f6hnen wird der Musikverein Heimatkl\u00e4nge Giesel seine Zuh\u00f6rer. Die 30 Musiker unter der Leitung von Michael Bug konnten in diesem Jahr ihr 90-j\u00e4hriges Bestehen feiern und wollen in R\u00fcckers f\u00fcr Stimmung sorgen.<\/p>\n<p>Im Anschluss werden die Steinkammer-Alphornbl\u00e4ser, die in 2014 aus Mitgliedern des DRK Spielmanns- und Fanfarenzug R\u00fcckers gegr\u00fcndet wurden, alpenl\u00e4ndische Kl\u00e4nge zum Besten geben. Eine kurze Anreise haben die Landr\u00fcckenmusikanten aus Veitsteinbach. Mit b\u00f6hmischer und m\u00e4hrischer Blasmusik werden sie den Abend z\u00fcnftig ausklingen lassen. Sollte die Witterung nicht mitspielen wird die Veranstaltung in das Dorfgemeinschaftshaus verlegt. Der Eintritt zu diesem Konzertabend ist frei.<\/p>\n","protected":false},"excerpt":{"rendered":"<div class=\"tmnf_excerpt\"><p>Ein kleines Jubil\u00e4um feiert in diesem Jahr der DRK Spielmanns- und Fanfarenzug R\u00fcckers mit seiner Open-Air-Veranstaltung \u201cSommernachtskl\u00e4nge am Musikpavillon\u201c. Am Samstag, dem 08. August, findet die Konzertveranstaltung zum 5. Mal statt. In diesem Jahr werden ab 19:30 Uhr der Musikverein \u201eHeimatkl\u00e4nge\u201c Giesel, die Steinkammer Alphornbl\u00e4ser und die Landr\u00fcckenmusikanten im Bier- und Weingarten am DGH ihr &hellip;<\/p>\n<\/div>","protected":false},"author":1,"featured_media":141666,"comment_status":"closed","ping_status":"closed","sticky":false,"template":"","format":"standard","meta":{"footnotes":""},"categories":[1,44],"tags":[],"class_list":["post-141663","post","type-post","status-publish","format-standard","has-post-thumbnail","hentry","category-startseite","category-kultur"],"_links":{"self":[{"href":"https:\/\/www.fuldaernachrichten.de\/index.php?rest_route=\/wp\/v2\/posts\/141663","targetHints":{"allow":["GET"]}}],"collection":[{"href":"https:\/\/www.fuldaernachrichten.de\/index.php?rest_route=\/wp\/v2\/posts"}],"about":[{"href":"https:\/\/www.fuldaernachrichten.de\/index.php?rest_route=\/wp\/v2\/types\/post"}],"author":[{"embeddable":true,"href":"https:\/\/www.fuldaernachrichten.de\/index.php?rest_route=\/wp\/v2\/users\/1"}],"replies":[{"embeddable":true,"href":"https:\/\/www.fuldaernachrichten.de\/index.php?rest_route=%2Fwp%2Fv2%2Fcomments&post=141663"}],"version-history":[{"count":1,"href":"https:\/\/www.fuldaernachrichten.de\/index.php?rest_route=\/wp\/v2\/posts\/141663\/revisions"}],"predecessor-version":[{"id":141672,"href":"https:\/\/www.fuldaernachrichten.de\/index.php?rest_route=\/wp\/v2\/posts\/141663\/revisions\/141672"}],"wp:featuredmedia":[{"embeddable":true,"href":"https:\/\/www.fuldaernachrichten.de\/index.php?rest_route=\/wp\/v2\/media\/141666"}],"wp:attachment":[{"href":"https:\/\/www.fuldaernachrichten.de\/index.php?rest_route=%2Fwp%2Fv2%2Fmedia&parent=141663"}],"wp:term":[{"taxonomy":"category","embeddable":true,"href":"https:\/\/www.fuldaernachrichten.de\/index.php?rest_route=%2Fwp%2Fv2%2Fcategories&post=141663"},{"taxonomy":"post_tag","embeddable":true,"href":"https:\/\/www.fuldaernachrichten.de\/index.php?rest_route=%2Fwp%2Fv2%2Ftags&post=141663"}],"curies":[{"name":"wp","href":"https:\/\/api.w.org\/{rel}","templated":true}]}}