{"id":141638,"date":"2015-08-01T09:38:50","date_gmt":"2015-08-01T07:38:50","guid":{"rendered":"http:\/\/www.fuldaer-nachrichten.de\/?p=141638"},"modified":"2015-08-01T09:38:50","modified_gmt":"2015-08-01T07:38:50","slug":"hamburg-das-tor-zur-welt","status":"publish","type":"post","link":"https:\/\/www.fuldaernachrichten.de\/?p=141638","title":{"rendered":"Hamburg, das Tor zur Welt"},"content":{"rendered":"<p>Das Jugendbildungswerk des Landkreises Fulda f\u00fchrt in den Herbstferien vom 26. bis 30. Oktober einen Bildungsurlaub in Hamburg f\u00fcr junge Leute von 16 bis 27 Jahren durch. Die Teilnahmegeb\u00fchr betr\u00e4gt einschlie\u00dflich Fahrtkosten, Unterkunft mit Fr\u00fchst\u00fcck und Imbiss sowie Eintrittsgeldern195 Euro. Info und Anmeldung unter Telefon (0661)6006-498 oder -427, E-Mail jugend@landkreis-fulda.de. Online-Anmeldungen sind unter www.landkreis-fulda.de m\u00f6glich.<\/p>\n","protected":false},"excerpt":{"rendered":"<div class=\"tmnf_excerpt\"><p>Das Jugendbildungswerk des Landkreises Fulda f\u00fchrt in den Herbstferien vom 26. bis 30. Oktober einen Bildungsurlaub in Hamburg f\u00fcr junge Leute von 16 bis 27 Jahren durch. Die Teilnahmegeb\u00fchr betr\u00e4gt einschlie\u00dflich Fahrtkosten, Unterkunft mit Fr\u00fchst\u00fcck und Imbiss sowie Eintrittsgeldern195 Euro. Info und Anmeldung unter Telefon (0661)6006-498 oder -427, E-Mail jugend@landkreis-fulda.de. Online-Anmeldungen sind unter www.landkreis-fulda.de m\u00f6glich.<\/p>\n<\/div>","protected":false},"author":1,"featured_media":0,"comment_status":"closed","ping_status":"closed","sticky":false,"template":"","format":"standard","meta":{"footnotes":""},"categories":[53,52],"tags":[],"class_list":["post-141638","post","type-post","status-publish","format-standard","hentry","category-bildung","category-umwelt"],"_links":{"self":[{"href":"https:\/\/www.fuldaernachrichten.de\/index.php?rest_route=\/wp\/v2\/posts\/141638","targetHints":{"allow":["GET"]}}],"collection":[{"href":"https:\/\/www.fuldaernachrichten.de\/index.php?rest_route=\/wp\/v2\/posts"}],"about":[{"href":"https:\/\/www.fuldaernachrichten.de\/index.php?rest_route=\/wp\/v2\/types\/post"}],"author":[{"embeddable":true,"href":"https:\/\/www.fuldaernachrichten.de\/index.php?rest_route=\/wp\/v2\/users\/1"}],"replies":[{"embeddable":true,"href":"https:\/\/www.fuldaernachrichten.de\/index.php?rest_route=%2Fwp%2Fv2%2Fcomments&post=141638"}],"version-history":[{"count":1,"href":"https:\/\/www.fuldaernachrichten.de\/index.php?rest_route=\/wp\/v2\/posts\/141638\/revisions"}],"predecessor-version":[{"id":141643,"href":"https:\/\/www.fuldaernachrichten.de\/index.php?rest_route=\/wp\/v2\/posts\/141638\/revisions\/141643"}],"wp:attachment":[{"href":"https:\/\/www.fuldaernachrichten.de\/index.php?rest_route=%2Fwp%2Fv2%2Fmedia&parent=141638"}],"wp:term":[{"taxonomy":"category","embeddable":true,"href":"https:\/\/www.fuldaernachrichten.de\/index.php?rest_route=%2Fwp%2Fv2%2Fcategories&post=141638"},{"taxonomy":"post_tag","embeddable":true,"href":"https:\/\/www.fuldaernachrichten.de\/index.php?rest_route=%2Fwp%2Fv2%2Ftags&post=141638"}],"curies":[{"name":"wp","href":"https:\/\/api.w.org\/{rel}","templated":true}]}}