{"id":141636,"date":"2015-08-01T09:38:20","date_gmt":"2015-08-01T07:38:20","guid":{"rendered":"http:\/\/www.fuldaer-nachrichten.de\/?p=141636"},"modified":"2015-08-01T09:38:20","modified_gmt":"2015-08-01T07:38:20","slug":"spanisch-intensivkurs","status":"publish","type":"post","link":"https:\/\/www.fuldaernachrichten.de\/?p=141636","title":{"rendered":"Spanisch-Intensivkurs"},"content":{"rendered":"<p>Eine Spanisch-Intensivwoche der Volkshochschule des Landkreises Fulda richtet sich an Interessenten, die sich eingehender mit speziellen grammatikalischen Themen besch\u00e4ftigen wollen. Die Kursteilnehmer k\u00f6nnen aber auch ihre Sprech- und Lesef\u00e4higkeiten trainieren. Der Spanischkurs findet vom 17. bis 21. August von 17 Uhr bis 21.30 Uhr im Georg-Stieler-Haus in Fulda, Gallasiniring 1, statt. Infos und vorherige Anmeldung unter www.vhs-fulda.de oder bei der VHS-Gesch\u00e4ftsstelle, Telefon (0661)25199-0.<\/p>\n","protected":false},"excerpt":{"rendered":"<div class=\"tmnf_excerpt\"><p>Eine Spanisch-Intensivwoche der Volkshochschule des Landkreises Fulda richtet sich an Interessenten, die sich eingehender mit speziellen grammatikalischen Themen besch\u00e4ftigen wollen. Die Kursteilnehmer k\u00f6nnen aber auch ihre Sprech- und Lesef\u00e4higkeiten trainieren. Der Spanischkurs findet vom 17. bis 21. August von 17 Uhr bis 21.30 Uhr im Georg-Stieler-Haus in Fulda, Gallasiniring 1, statt. Infos und vorherige Anmeldung &hellip;<\/p>\n<\/div>","protected":false},"author":1,"featured_media":0,"comment_status":"closed","ping_status":"closed","sticky":false,"template":"","format":"standard","meta":{"footnotes":""},"categories":[53],"tags":[],"class_list":["post-141636","post","type-post","status-publish","format-standard","hentry","category-bildung"],"_links":{"self":[{"href":"https:\/\/www.fuldaernachrichten.de\/index.php?rest_route=\/wp\/v2\/posts\/141636","targetHints":{"allow":["GET"]}}],"collection":[{"href":"https:\/\/www.fuldaernachrichten.de\/index.php?rest_route=\/wp\/v2\/posts"}],"about":[{"href":"https:\/\/www.fuldaernachrichten.de\/index.php?rest_route=\/wp\/v2\/types\/post"}],"author":[{"embeddable":true,"href":"https:\/\/www.fuldaernachrichten.de\/index.php?rest_route=\/wp\/v2\/users\/1"}],"replies":[{"embeddable":true,"href":"https:\/\/www.fuldaernachrichten.de\/index.php?rest_route=%2Fwp%2Fv2%2Fcomments&post=141636"}],"version-history":[{"count":1,"href":"https:\/\/www.fuldaernachrichten.de\/index.php?rest_route=\/wp\/v2\/posts\/141636\/revisions"}],"predecessor-version":[{"id":141639,"href":"https:\/\/www.fuldaernachrichten.de\/index.php?rest_route=\/wp\/v2\/posts\/141636\/revisions\/141639"}],"wp:attachment":[{"href":"https:\/\/www.fuldaernachrichten.de\/index.php?rest_route=%2Fwp%2Fv2%2Fmedia&parent=141636"}],"wp:term":[{"taxonomy":"category","embeddable":true,"href":"https:\/\/www.fuldaernachrichten.de\/index.php?rest_route=%2Fwp%2Fv2%2Fcategories&post=141636"},{"taxonomy":"post_tag","embeddable":true,"href":"https:\/\/www.fuldaernachrichten.de\/index.php?rest_route=%2Fwp%2Fv2%2Ftags&post=141636"}],"curies":[{"name":"wp","href":"https:\/\/api.w.org\/{rel}","templated":true}]}}