{"id":141615,"date":"2015-07-31T08:41:09","date_gmt":"2015-07-31T06:41:09","guid":{"rendered":"http:\/\/www.fuldaer-nachrichten.de\/?p=141615"},"modified":"2015-07-31T08:42:05","modified_gmt":"2015-07-31T06:42:05","slug":"neun-betriebswirte-im-bildungsunternehmen-dr-jordan-verabschiedet","status":"publish","type":"post","link":"https:\/\/www.fuldaernachrichten.de\/?p=141615","title":{"rendered":"Neun Betriebswirte im Bildungsunternehmen Dr. Jordan verabschiedet"},"content":{"rendered":"<p>\u201eDer Lernfortschritt wird alleine von der eigenen Motivation positiv beeinflusst \u2013 Wer motiviert ist, der schafft es auch, seine Ziele zu erreichen, denn nicht nur die Intelligenz z\u00e4hlt, vielmehr ist der eigene Lernwillen auschlaggebend\u201c, diese Worte gab Prof. Dr. Lothar Jordan den diesj\u00e4hrigen Absolventen der Fachschule f\u00fcr Betriebswirtschaft im Bildungsunternehmen Dr. Jordan mit auf den Weg. Ins Berufsleben entlassen wurden neun Staatlich gepr\u00fcfte Betriebswirte.<\/p>\n<p>Klassenmentor Berthold Schweimer schaut r\u00fcckblickend auf die gemeinsame Zeit zur\u00fcck: \u201eHeute k\u00f6nnen Sie die Fr\u00fcchte Ihrer Arbeit ernten, sie haben Ihr Fundament f\u00fcr die Zukunft gelegt.\u201c Der P\u00e4dagoge lie\u00df auch gemeinsame Exkursionen Revue passieren: Neben Workshop im Hochseilgarten oder dem Besuch der B\u00f6rse Frankfurt stand ebenso eine Exkursion nach Berlin auf dem Plan. Studentenvertreterin Stephanie Selenka lobte r\u00fcckblickend den Zusammenhalt der Studiengruppe:\u00c2\u00a0\u201eWir haben uns nicht nur Fachwissen angeeignet, sondern auch pers\u00f6nlich weiterentwickelt \u2013 wir waren nicht nur schulisch, sondern auch auf privater Ebene ein gutes Team.\u201c<\/p>\n<p>Bildunterschrift: Ausgezeichnet als Jahrgangsbeste mit einem Durchschnitt von 1,2: Stephanie Selenka mit Prof. Dr. Lothar Jordan.<\/p>\n","protected":false},"excerpt":{"rendered":"<div class=\"tmnf_excerpt\"><p>\u201eDer Lernfortschritt wird alleine von der eigenen Motivation positiv beeinflusst \u2013 Wer motiviert ist, der schafft es auch, seine Ziele zu erreichen, denn nicht nur die Intelligenz z\u00e4hlt, vielmehr ist der eigene Lernwillen auschlaggebend\u201c, diese Worte gab Prof. Dr. Lothar Jordan den diesj\u00e4hrigen Absolventen der Fachschule f\u00fcr Betriebswirtschaft im Bildungsunternehmen Dr. Jordan mit auf den &hellip;<\/p>\n<\/div>","protected":false},"author":1,"featured_media":141629,"comment_status":"closed","ping_status":"closed","sticky":false,"template":"","format":"standard","meta":{"footnotes":""},"categories":[1],"tags":[],"class_list":["post-141615","post","type-post","status-publish","format-standard","has-post-thumbnail","hentry","category-startseite"],"_links":{"self":[{"href":"https:\/\/www.fuldaernachrichten.de\/index.php?rest_route=\/wp\/v2\/posts\/141615","targetHints":{"allow":["GET"]}}],"collection":[{"href":"https:\/\/www.fuldaernachrichten.de\/index.php?rest_route=\/wp\/v2\/posts"}],"about":[{"href":"https:\/\/www.fuldaernachrichten.de\/index.php?rest_route=\/wp\/v2\/types\/post"}],"author":[{"embeddable":true,"href":"https:\/\/www.fuldaernachrichten.de\/index.php?rest_route=\/wp\/v2\/users\/1"}],"replies":[{"embeddable":true,"href":"https:\/\/www.fuldaernachrichten.de\/index.php?rest_route=%2Fwp%2Fv2%2Fcomments&post=141615"}],"version-history":[{"count":1,"href":"https:\/\/www.fuldaernachrichten.de\/index.php?rest_route=\/wp\/v2\/posts\/141615\/revisions"}],"predecessor-version":[{"id":141630,"href":"https:\/\/www.fuldaernachrichten.de\/index.php?rest_route=\/wp\/v2\/posts\/141615\/revisions\/141630"}],"wp:featuredmedia":[{"embeddable":true,"href":"https:\/\/www.fuldaernachrichten.de\/index.php?rest_route=\/wp\/v2\/media\/141629"}],"wp:attachment":[{"href":"https:\/\/www.fuldaernachrichten.de\/index.php?rest_route=%2Fwp%2Fv2%2Fmedia&parent=141615"}],"wp:term":[{"taxonomy":"category","embeddable":true,"href":"https:\/\/www.fuldaernachrichten.de\/index.php?rest_route=%2Fwp%2Fv2%2Fcategories&post=141615"},{"taxonomy":"post_tag","embeddable":true,"href":"https:\/\/www.fuldaernachrichten.de\/index.php?rest_route=%2Fwp%2Fv2%2Ftags&post=141615"}],"curies":[{"name":"wp","href":"https:\/\/api.w.org\/{rel}","templated":true}]}}