{"id":141610,"date":"2015-07-31T08:34:36","date_gmt":"2015-07-31T06:34:36","guid":{"rendered":"http:\/\/www.fuldaer-nachrichten.de\/?p=141610"},"modified":"2015-07-31T08:34:36","modified_gmt":"2015-07-31T06:34:36","slug":"staatssekretaer-dr-wolfgang-dippel-besucht-fluechtlingsunterkunft-in-kassel-calden","status":"publish","type":"post","link":"https:\/\/www.fuldaernachrichten.de\/?p=141610","title":{"rendered":"Staatssekret\u00e4r Dr. Wolfgang Dippel besucht Fl\u00fcchtlingsunterkunft in Kassel-Calden"},"content":{"rendered":"<p>Am Mittwoch hat der Staatssekret\u00e4r im Hessischen Ministerium f\u00fcr Soziales und Integration, Dr. Wolfgang Dippel, die Fl\u00fcchtlingsunterkunft auf dem alten Flughafen Kassel-Calden besucht. \u201eEs ist ein wichtiges Anliegen der Hessischen Landesregierung, die Fl\u00fcchtlinge, die zu uns kommen, ordentlich unterzubringen. Dass wir derzeit &#8211; wie viele andere Bundesl\u00e4nder auch &#8211; \u00fcbergangsweise auf Zelte zur\u00fcckgreifen m\u00fcssen, ist aufgrund der weiter stark ansteigenden Zahl von Fl\u00fcchtlingen derzeit notwendig. Insgesamt stehen Bund, Land und Kommunen vor gro\u00dfen Herausforderungen\u201c, stellte Dippel klar.<\/p>\n<p>Der Staatssekret\u00e4r dankte dem zust\u00e4ndigen Regierungspr\u00e4sidenten Walter L\u00fcbcke f\u00fcr eine bislang \u201ereibungslose\u201c Arbeit vor Ort. \u201eDas ist eine starke Teamleistung des Regierungspr\u00e4sidiums, hier 1.000 Menschen unterzubringen, die traumatisiert aus dem Krieg in Hessen ankommen\u201c, so Dippel und erinnerte an den Umzug, der aufgrund des Sturms, der am Wochenende \u00fcber Hessen wehte, in Turnhallen notwendig wurde. \u201eIch habe hier in Kassel-Calden den Eindruck gewonnen, dass sich sehr gut und engagiert um die Fl\u00fcchtlinge gek\u00fcmmert wird. Das ist dem zust\u00e4ndigen Sozialminister und mir ein wichtiges Anliegen\u201c, betonte Dippel. Zudem sei eine hohe Hilfsbereitschaft in der Bev\u00f6lkerung vor Ort vorhanden, die ihn sehr beeindruckt habe. Dieses Klima best\u00e4tigte ihm auch L\u00fcbcke nach der B\u00fcrgerversammlung vom Mittwoch. \u201eIch bin mir sehr bewusst, wie gro\u00df die Anstrengungen vor Ort sind und danke allen B\u00fcrgerinnen und B\u00fcrgern f\u00fcr ihr gro\u00dfes Verst\u00e4ndnis und den Beteiligten vor Ort, auch Caldens B\u00fcrgermeister Mackewitz, der mit gro\u00dfem Engagement unterst\u00fctzt und mit dem ich in gutem Austausch bin. Mit Fug und Recht k\u00f6nnen wir in Hessen von einer Willkommenskultur sprechen.\u201c<\/p>\n<p>Von Seiten des Landes sagte Dippel zu: \u201eWir sind aber dabei, nach weiteren Standorten in Hessen zu suchen und ich bin sicher, wir finden geeignete Immobilien zur Unterbringung der Fl\u00fcchtlinge.\u201c Durch die hohe Belegung der Hessischen Erstaufnahmeeinrichtungen wie Gie\u00dfen, Neustadt und Kirchheim, in denen derzeit insgesamt \u00fcber 8.000 Menschen untergebracht sind, seien Zelte derzeit aber auch notwendig.<\/p>\n<p>\u201eIm \u00dcbrigen unterst\u00fctzen wir von Seiten des Landes die St\u00e4dte und Gemeinden zuverl\u00e4ssig und mit gro\u00dfem Engagement. Wir haben als Land bereits viel geleistet, indem wir im Rahmen des Ma\u00dfnahmenpaketes Asyl aus dem September 2014 in nur wenigen Monaten neue Liegenschaften f\u00fcr Unterbringungen finden und belegungsbereit machen konnten. Dazu z\u00e4hlen Neustadt (seit Mai belegt), Rotenburg (Belegung ab August), B\u00fcdingen (Belegung im Herbst), Kassel-Niederzwehren und viele weitere Standorte, die in Pr\u00fcfung sind. Und wir haben die Pauschalen, die wir an die Kommunen zahlen zum 1.1.15 erh\u00f6ht. Das alles sind gro\u00dfe Kraftanstrengungen trotz angespannter Haushaltslage. Aber zur Wahrheit geh\u00f6rt auch, dass es nicht einfach ist, geeignete Geb\u00e4ude zu finden. Wir gehen in Hessen von bis zu 40.000 Erstantragstellern in 2015 aus, das ist mehr als eine Verdopplung der Zahl im Vergleich zum Vorjahr. Wir investieren in diesem Jahr nahezu 400 Mio. Euro (393)\u00c2\u00a0 in diesen Bereich. Im Haushalt 2016 rechnen wir mit rund 630 Millionen Euro.<\/p>\n<p>Und es ist auch auf das Engagement des Hessischen Sozialministers beim Bund zur\u00fcckzuf\u00fchren, dass den Gemeinden ganz aktuell 37 Millionen Euro aus Bundesmitteln eins zu eins zur Verf\u00fcgung gestellt werden\u201c, so Dippel abschlie\u00dfend.<\/p>\n","protected":false},"excerpt":{"rendered":"<div class=\"tmnf_excerpt\"><p>Am Mittwoch hat der Staatssekret\u00e4r im Hessischen Ministerium f\u00fcr Soziales und Integration, Dr. Wolfgang Dippel, die Fl\u00fcchtlingsunterkunft auf dem alten Flughafen Kassel-Calden besucht. \u201eEs ist ein wichtiges Anliegen der Hessischen Landesregierung, die Fl\u00fcchtlinge, die zu uns kommen, ordentlich unterzubringen. Dass wir derzeit &#8211; wie viele andere Bundesl\u00e4nder auch &#8211; \u00fcbergangsweise auf Zelte zur\u00fcckgreifen m\u00fcssen, ist &hellip;<\/p>\n<\/div>","protected":false},"author":1,"featured_media":0,"comment_status":"closed","ping_status":"closed","sticky":false,"template":"","format":"standard","meta":{"footnotes":""},"categories":[1],"tags":[],"class_list":["post-141610","post","type-post","status-publish","format-standard","hentry","category-startseite"],"_links":{"self":[{"href":"https:\/\/www.fuldaernachrichten.de\/index.php?rest_route=\/wp\/v2\/posts\/141610","targetHints":{"allow":["GET"]}}],"collection":[{"href":"https:\/\/www.fuldaernachrichten.de\/index.php?rest_route=\/wp\/v2\/posts"}],"about":[{"href":"https:\/\/www.fuldaernachrichten.de\/index.php?rest_route=\/wp\/v2\/types\/post"}],"author":[{"embeddable":true,"href":"https:\/\/www.fuldaernachrichten.de\/index.php?rest_route=\/wp\/v2\/users\/1"}],"replies":[{"embeddable":true,"href":"https:\/\/www.fuldaernachrichten.de\/index.php?rest_route=%2Fwp%2Fv2%2Fcomments&post=141610"}],"version-history":[{"count":1,"href":"https:\/\/www.fuldaernachrichten.de\/index.php?rest_route=\/wp\/v2\/posts\/141610\/revisions"}],"predecessor-version":[{"id":141614,"href":"https:\/\/www.fuldaernachrichten.de\/index.php?rest_route=\/wp\/v2\/posts\/141610\/revisions\/141614"}],"wp:attachment":[{"href":"https:\/\/www.fuldaernachrichten.de\/index.php?rest_route=%2Fwp%2Fv2%2Fmedia&parent=141610"}],"wp:term":[{"taxonomy":"category","embeddable":true,"href":"https:\/\/www.fuldaernachrichten.de\/index.php?rest_route=%2Fwp%2Fv2%2Fcategories&post=141610"},{"taxonomy":"post_tag","embeddable":true,"href":"https:\/\/www.fuldaernachrichten.de\/index.php?rest_route=%2Fwp%2Fv2%2Ftags&post=141610"}],"curies":[{"name":"wp","href":"https:\/\/api.w.org\/{rel}","templated":true}]}}