{"id":141607,"date":"2015-07-31T08:33:17","date_gmt":"2015-07-31T06:33:17","guid":{"rendered":"http:\/\/www.fuldaer-nachrichten.de\/?p=141607"},"modified":"2015-07-31T08:33:17","modified_gmt":"2015-07-31T06:33:17","slug":"auslaenderbehoerde-neue-sprechzeiten-ab-august","status":"publish","type":"post","link":"https:\/\/www.fuldaernachrichten.de\/?p=141607","title":{"rendered":"Ausl\u00e4nderbeh\u00f6rde: Neue Sprechzeiten ab August"},"content":{"rendered":"<p>Wegen der enorm gestiegenen Vorsprachen ausl\u00e4ndischer Mitb\u00fcrgerinnen und Mitb\u00fcrger in den vergangenen Monaten\u00c2\u00a0 werden die Sprechzeiten der Ausl\u00e4nderbeh\u00f6rde des Vogelsbergkreises ab Montag, den 03.08.2015 erweitert.<br \/>\nMontag von 8.00 bis 12.00 Uhr<br \/>\nDienstag von 8.00 bis 12.00 Uhr und von 14.00 bis 16.00 Uhr<br \/>\nDonnerstag von 8.00 bis 12.00 Uhr<br \/>\nFreitag von 08.00 bis 12.00 Uhr<br \/>\nAu\u00dferhalb dieser Zeiten k\u00f6nnen individuelle Termine mit dem\/der jeweiligen Sachbearbeiter\/in vereinbart werden. \u201eWir erh\u00f6hen damit die allgemeine Sprechzeit von elf auf 18 Stunden in der Woche, um unverh\u00e4ltnism\u00e4\u00dfig lange Wartezeiten der Kunden zu vermeiden\u201c, teilt Sachgebietsleiter Albrecht Schrimpf mit.<\/p>\n","protected":false},"excerpt":{"rendered":"<div class=\"tmnf_excerpt\"><p>Wegen der enorm gestiegenen Vorsprachen ausl\u00e4ndischer Mitb\u00fcrgerinnen und Mitb\u00fcrger in den vergangenen Monaten\u00c2\u00a0 werden die Sprechzeiten der Ausl\u00e4nderbeh\u00f6rde des Vogelsbergkreises ab Montag, den 03.08.2015 erweitert. Montag von 8.00 bis 12.00 Uhr Dienstag von 8.00 bis 12.00 Uhr und von 14.00 bis 16.00 Uhr Donnerstag von 8.00 bis 12.00 Uhr Freitag von 08.00 bis 12.00 Uhr &hellip;<\/p>\n<\/div>","protected":false},"author":1,"featured_media":0,"comment_status":"closed","ping_status":"closed","sticky":false,"template":"","format":"standard","meta":{"footnotes":""},"categories":[1],"tags":[],"class_list":["post-141607","post","type-post","status-publish","format-standard","hentry","category-startseite"],"_links":{"self":[{"href":"https:\/\/www.fuldaernachrichten.de\/index.php?rest_route=\/wp\/v2\/posts\/141607","targetHints":{"allow":["GET"]}}],"collection":[{"href":"https:\/\/www.fuldaernachrichten.de\/index.php?rest_route=\/wp\/v2\/posts"}],"about":[{"href":"https:\/\/www.fuldaernachrichten.de\/index.php?rest_route=\/wp\/v2\/types\/post"}],"author":[{"embeddable":true,"href":"https:\/\/www.fuldaernachrichten.de\/index.php?rest_route=\/wp\/v2\/users\/1"}],"replies":[{"embeddable":true,"href":"https:\/\/www.fuldaernachrichten.de\/index.php?rest_route=%2Fwp%2Fv2%2Fcomments&post=141607"}],"version-history":[{"count":1,"href":"https:\/\/www.fuldaernachrichten.de\/index.php?rest_route=\/wp\/v2\/posts\/141607\/revisions"}],"predecessor-version":[{"id":141609,"href":"https:\/\/www.fuldaernachrichten.de\/index.php?rest_route=\/wp\/v2\/posts\/141607\/revisions\/141609"}],"wp:attachment":[{"href":"https:\/\/www.fuldaernachrichten.de\/index.php?rest_route=%2Fwp%2Fv2%2Fmedia&parent=141607"}],"wp:term":[{"taxonomy":"category","embeddable":true,"href":"https:\/\/www.fuldaernachrichten.de\/index.php?rest_route=%2Fwp%2Fv2%2Fcategories&post=141607"},{"taxonomy":"post_tag","embeddable":true,"href":"https:\/\/www.fuldaernachrichten.de\/index.php?rest_route=%2Fwp%2Fv2%2Ftags&post=141607"}],"curies":[{"name":"wp","href":"https:\/\/api.w.org\/{rel}","templated":true}]}}