{"id":141599,"date":"2015-07-31T08:32:18","date_gmt":"2015-07-31T06:32:18","guid":{"rendered":"http:\/\/www.fuldaer-nachrichten.de\/?p=141599"},"modified":"2015-07-31T08:32:35","modified_gmt":"2015-07-31T06:32:35","slug":"freiwillige-feuerwehr-ist-wichtiger-teil-der-staedtischen-sicherheitsphilosophie","status":"publish","type":"post","link":"https:\/\/www.fuldaernachrichten.de\/?p=141599","title":{"rendered":"Freiwillige Feuerwehr ist wichtiger Teil der st\u00e4dtischen Sicherheitsphilosophie"},"content":{"rendered":"<p>F\u00fcr Fuldas Verwaltungschef und Brandschutzdezernent Gerhard M\u00f6ller war es der letzte gro\u00dfe Empfang als OB f\u00fcr die Feuerwehr, an dem er nicht nur gemeinsam mit Brandschutzamtsleiter Thomas Helmer Ehrungen vornehmen konnte, sondern unerwartet selbst im Mittelpunkt stand. Denn Hans-Peter Kr\u00f6ger, Pr\u00e4sident des deutschen Feuerwehrverbandes, zeichnete M\u00f6ller mit dem Feuerwehrehrenkreuz in Gold aus.\u00c2\u00a0 Mit einer Bildkollage sowie einer Sammlung von Modell-Feuerwehrfahrzeugen \u00fcberraschte Helmer den bald aus dem Amt scheidenden Oberb\u00fcrgermeister und dankte ihm stellvertretend f\u00fcr die vielen Aktiven f\u00fcr eine ausgezeichnete Zusammenarbeit in den zur\u00fcckliegenden 12 Jahren.<\/p>\n<p>Wichtig f\u00fcr Fulda<\/p>\n<p>Am neuen Rednerpult (mit Stadtwappen aus Glas) hatte M\u00f6ller zuvor mit dem Satz \u201eWie gut, dass es Dich gibt!\u201c stilsicher den Abend er\u00f6ffnet und zugleich zum Ausdruck gebracht, dass mit diesen Worten jene die Anerkennung erfahren, die \u201ewir besonders sch\u00e4tzen und m\u00f6gen, die durch ihr Engagement f\u00fcr uns besonders wichtig sind.\u201c Jeder einzelne Feuerwehrmann oder &#8211; frau verdiene dieses Lob, schlie\u00dflich sei ihr Einsatz Teil der \u201eSicherheitsphilosophie der Stadt.\u201c Wie wichtig f\u00fcr Fulda das Thema Feuerwehr ist, bekr\u00e4ftigte M\u00f6ller mit einem Hinweis auf die Fortschreibung des Feuerwehrbedarfsplanes oder die Zusammenlegung von Wehren am neuen Standort in Bronnzell, die inzwischen auf den Weg gebracht worden ist. Auch die Modernisierung der Leitstelle und deren \u201esubstantielle Erneuerung\u201c sei ein Schwerpunkt, mit dem man sich intensiv besch\u00e4ftige. Kernthema der Feuerwehr wird nach M\u00f6llers Worten sein, wie \u201ewir die ehrenamtliche Struktur in den Stadtteilen so attraktiv gestalten k\u00f6nnen, dass wir begeisterungsf\u00e4hige Menschen finden.\u201c\u00c2\u00a0 All denen, die sich bislang schon in diesen gesellschaftlich so wichtigen Dienst einbringen, dankte Fuldas Brandschutzdezernent f\u00fcr \u201eFlei\u00df, Einsatz und Herz, den Sie in die Feuerwehr investieren.\u201c<\/p>\n<p>Viel f\u00fcr die Feuerwehr getan<\/p>\n<p>Die Wiedergr\u00fcndung des Deutschen Feuerwehrverbandes in Fulda 1952 beziehungsweise die RETTmobil\u00c2\u00a0 sowie das Deutsche Feuerwehrmuseums standen im Mittelpunkt der Betrachtungen von Verbandspr\u00e4sident Hans-Peter Kr\u00f6ger (Berlin). Er lobte in mehrfacher Hinsicht die enge Bindung an Fulda, die dem Verband \u201esehr viel wert ist.\u201c Die RETTmobil sei eine\u00c2\u00a0 kleine, aber feine Messe, um die andere St\u00e4dte froh w\u00e4ren. Dank sagte Kr\u00f6ger daf\u00fcr, dass sich die Feuerwehren zu ihrem Museum bekennen. Sein besonderer Dank OB galt jedoch OB M\u00f6ller f\u00fcr \u201eall das, was er w\u00e4hrend seiner Amtszeit f\u00fcr die Feuerwehr und das Feuerwehrmuseums getan\u201c habe. Als Mitglied im Vorstand des Feuerwehrmuseums habe er so gut wie nie bei den Sitzungen gefehlt, vor allem aber habe er den \u201est\u00e4dtischen Finanzierungsanteil immer erbracht und so dem Museums auch in schwierigen Situationen wie einem Liquidit\u00e4tsengpass geholfen.\u201c<\/p>\n<p>Erf\u00fclltes Leben<\/p>\n<p>Mit Lob und Dank f\u00fcr die Ehrenamtler sparte auch Brandschutzamtsleiter Thomas Helmer nicht. Sobald mehrere Eins\u00e4tze gleichzeitig anfallen, sei die gemeinsame Arbeit der hauptamtlichen Kr\u00e4fte mit der freiwilligen Feuerwehr unverzichtbar. Alleine im letzten Jahr hatte es 1.400 Eins\u00e4tze gegeben. Lohn des ehrenamtlichen Engagements sei freilich \u201ekein Geld, sondern ein erf\u00fclltes Leben im Bewusstsein etwas wirklich Wichtiges f\u00fcr die Allgemeinheit zu leisten\u201c, hob Helmer hervor. Wer viel gibt, bekomme auch viel zur\u00fcck. Jahrelanges Engagement, koste allerdings sehr viel Zeit. Zunehmend werde es schwieriger, Zeit f\u00fcr die Feuerwehr einzuplanen. Helmers eher mehr rhetorisch gemeinte Frage lautete deshalb: \u201eWo k\u00f6nnen wir uns die n\u00f6tige Zeit f\u00fcr Eins\u00e4tze absparen?\u201c Leider sei oft genug die Famiiie die Leidtragende, der deshalb besondere Anerkennung zukomme.<\/p>\n<p>Als Sprecher der Ehrenamtlichen bedankte sich Dieter Br\u00e4hler bei allen G\u00e4sten f\u00fcr ihren ehrenamtlichen Einsatz und gratulierte zur Auszeichnung. In den Reigen der Gratulanten reihte sich auch der Vorsitzende des Kreisfeuerwehrverbandes Lothar Mihm ein, bevor Fuldas Brandschutzamtsleiter M\u00f6ller gemeinsam mit Thomas Helmer und Dieter Br\u00e4hler die Ehrungen vornahm.<\/p>\n<p>Bef\u00f6rderungen von Mitgliedern der Ehrenamtlichen Einsatzabteilung<\/p>\n<p>zum Oberfeuerwehrmann f\u00fcr<br \/>\n&#8211; Fischer, Kai<br \/>\n&#8211; Lefkes, Aaron<br \/>\n&#8211; Lengsfeld, Timo<br \/>\n&#8211; Reinhard, Manuel<br \/>\n&#8211; Wiegand, Fabian<\/p>\n<p>zum Hauptfeuerwehrmann f\u00fcr<br \/>\n&#8211; Baier, J\u00f6rg<\/p>\n<p>zum Oberbrandmeister f\u00fcr<br \/>\n&#8211; Helmer, Thomas Werner<\/p>\n<p>Verleihung der Anerkennungspr\u00e4mie des Landes Hessen<\/p>\n<p>Anerkennungspr\u00e4mie \u201e10-Jahre\u201c<\/p>\n<p>&#8211; Dalitz, Ulrich<br \/>\n&#8211; Demminger, Christian<br \/>\n&#8211; G\u00fcnkel, Jens<br \/>\n&#8211; Gutrung, Sebastian<br \/>\n&#8211; Kanne, Christian<br \/>\n&#8211; Kremer, Alexander<br \/>\n&#8211; Labus, Matth\u00e4us<br \/>\n&#8211; Schwab, Martin<br \/>\n&#8211; Wehner, Christian<br \/>\n&#8211; Wei\u00df, Heiko<\/p>\n<p>Anerkennungspr\u00e4mie \u201e20-Jahre\u201c<\/p>\n<p>&#8211; Eckstein, Bj\u00f6rn<br \/>\n&#8211; Kircher, J\u00f6rg<br \/>\n&#8211; Renker, Andre<br \/>\n&#8211; Schl\u00fcssel, Hermann<br \/>\n&#8211; Ulrich, Markus<\/p>\n<p>Anerkennungspr\u00e4mie \u201e30-Jahre\u201c<\/p>\n<p>&#8211; Beck, Andreas<br \/>\n&#8211; Becker, Matthias<br \/>\n&#8211; Bott, Klaus<br \/>\n&#8211; G\u00fcnder, Karl-Josef<br \/>\n&#8211; M\u00fcller, Klaus<br \/>\n&#8211; Schmitt, J\u00fcrgen<br \/>\n&#8211; Uhl, Christoph<br \/>\n&#8211; Vogel, Andreas<br \/>\n&#8211; Ziegler, Dietmar<\/p>\n<p>Anerkennungspr\u00e4mie \u201e40-Jahre\u201c<\/p>\n<p>&#8211; Engel, Edgar<br \/>\n&#8211; Raab, Stephan<\/p>\n<p>Ehrungen von Mitgliedern der ehrenamtlichen Einsatzabteilungen<\/p>\n<p>Verleihung Brandschutzehrenzeichen \u201e25-Jahre\u201c &amp; St. Floriansmedaille Stadt Fulda\u00c2\u00a0 SILBER<\/p>\n<p>&#8211; Baier, Thorsten<br \/>\n&#8211; Euler, Stefan<br \/>\n&#8211; Go\u00dfmann, Bj\u00f6rn<br \/>\n&#8211; Litwin, Andreas<br \/>\n&#8211; Stipanowski, Achim<br \/>\n&#8211; Wei\u00dfm\u00fcller, Andreas<br \/>\n&#8211; Werner, Michael<br \/>\n&#8211; Wolff, Bj\u00f6rn<\/p>\n<p>Verleihung Brandschutzehrenzeichen \u201e40-Jahre\u201c &amp; St. Floriansmedaille Stadt Fulda GOLD<br \/>\n&#8211; Angelstein, Lothar<br \/>\n&#8211; Auh, Otto<br \/>\n&#8211; Bergheuer, Rainer<br \/>\n&#8211; Jahn, Lothar<\/p>\n<p>Feuerwehrmusik<br \/>\nVerleihung Brandschutzehrenzeichen \u201e25\u201c-Jahre &amp; St. Floriansmedaille Stadt Fulda SILBER<\/p>\n<p>&#8211; Schirmacher, Erich<br \/>\n&#8211; Schrimacher, Wilhelm<\/p>\n<p>Dirigentennadel in GOLD f\u00fcr 20-j\u00e4hrige Dirigentent\u00e4tigkeit SPZ Fulda<br \/>\n&#8211; M\u00fcllers, Kurt<\/p>\n<p>Kurhessisch-Waldeckscher Feuerwehrverband<br \/>\nVerleihung der St.-Florians-Medaille in BRONZE am Bande<br \/>\n&#8211; Sauer, Arthur<\/p>\n<p>Ehrung \/ Verabschiedung<\/p>\n<p>&#8211; Stellv. Stadtjugendfeuerwehrwartin a.D.<br \/>\nMathes, Stefanie<\/p>\n<p>&#8211; 04. \u2013<\/p>\n<p>Zu Ehrenbeamten der Stadt Fulda bestellt<\/p>\n<p>zum Wehrf\u00fchrer<\/p>\n<p>&#8211; L\u00f6schmeister Hauger, Klaus\u00c2\u00a0\u00c2\u00a0 \u00c2\u00a0\u00c2\u00a0\u00c2\u00a0 Freiwillige Feuerwehr Fulda-Bronnzell<br \/>\n&#8211; L\u00f6schmeister Helfrich, Ralf\u00c2\u00a0\u00c2\u00a0 \u00c2\u00a0\u00c2\u00a0\u00c2\u00a0\u00c2\u00a0\u00c2\u00a0\u00c2\u00a0\u00c2\u00a0\u00c2\u00a0\u00c2\u00a0\u00c2\u00a0 Freiwillige Feuerwehr Fulda-Kohlhaus<\/p>\n<p>zum Stellv. Wehrf\u00fchrer<\/p>\n<p>&#8211; Oberl\u00f6schmeister Friedrich, Ralf\u00c2\u00a0\u00c2\u00a0 \u00c2\u00a0\u00c2\u00a0\u00c2\u00a0\u00c2\u00a0\u00c2\u00a0 Freiwillige Feuerwehr Fulda-Bronnzell<br \/>\n&#8211; L\u00f6schmeister Heum\u00fcller, Benedikt\u00c2\u00a0\u00c2\u00a0\u00c2\u00a0\u00c2\u00a0\u00c2\u00a0\u00c2\u00a0\u00c2\u00a0\u00c2\u00a0\u00c2\u00a0 Freiwillige Feuerwehr Fulda-Kohlhaus<br \/>\n&#8211; Hauptfeuerwehrmann G\u00e4rtner, Tobias\u00c2\u00a0\u00c2\u00a0\u00c2\u00a0 Freiwillige Feuerwehr Fulda-Malkes<\/p>\n<p>Ehrung von Ehrenbeamten mit einer Dienstzeit \u00fcber 25-Jahren und l\u00e4nger<\/p>\n<p>Brandmeister Raab, Stefan<br \/>\n\u00fcber 26 Jahre Wehrf\u00fchrer und Stellvertreter der FF FD-Haimbach\/Rodges<br \/>\n-Seit 08.01.1974 Mitglied der Einsatzabteilung FD-Haimbach\/Rodges<br \/>\n&#8211; Grundlehrgang 1975<br \/>\n&#8211; Gruppenf\u00fchrerlehrgang 1991<br \/>\n&#8211; Zugf\u00fchrerlehrgang 2004<br \/>\n&#8211; Leiter einer Feuerwehr 2005<br \/>\n&#8211; 13.01.1989 \u2013 11.01.2002 stellv. Wehrf\u00fchrer<br \/>\n&#8211; Seit 11.01.2002 Wehrf\u00fchrer<\/p>\n<p>Schreiner, Hugo<br \/>\n\u00fcber 28 Jahre Wehrf\u00fchrer und Stellvertreter der FF FD-Istergiesel\/Zell<br \/>\nSeit 02.01.1971 Mitglied der Einsatzabteilung FD-Istergiesel\/Zell<br \/>\nGrundlehrgang 1972<br \/>\nGruppenf\u00fchrerlehrgang 1981<br \/>\nZugf\u00fchrerlehrgang 1982<br \/>\nLeiter einer Feuerwehr 1991<br \/>\n16.02.1979 \u2013 01.03.1991 stellv. Wehrf\u00fchrer<br \/>\n01.03.1991 \u2013 02.03.2007 Wehrf\u00fchrer<\/p>\n<p>Schneider, Karlo<br \/>\n\u00fcber 29 Jahre Wehrf\u00fchrer und Stellvertreter der FF FD-Haimbach\/Rodges<br \/>\n01.01.1968 \u2013 13.10.2008 Einsatzabteilung FF-FD-Haimbach \/ Rodges<br \/>\nSeit 13.10.2008 Ehren- und Altersabteilung FF-FD-Haimbach\/Rodges<br \/>\nGrundlehrgang 1969<br \/>\nGruppenf\u00fchrerlehrgang 1969<br \/>\nOrtsbrandmeisterlehrgang 1971<br \/>\n01.01.1973-11.01.2002 Wehrf\u00fchrer<\/p>\n<p>Halsch, Michael<br \/>\n\u00fcber 29 Jahre Wehrf\u00fchrer und Stellvertreter der FF FD-Bernhards<br \/>\n17.08.1969-09.05.2011 Einsatzabteilung FF FD-Bernhards<br \/>\nSeit 10.05.2011 Ehren- und Altersabteilung FF-FD-Bernhards<br \/>\n19.12.1978-30.04.1998 Mitglied der Tauchergruppe<br \/>\nGrundlehrgang 1973<br \/>\nGruppenf\u00fchrerlehrgang 1975<br \/>\nZugf\u00fchrerlehrgang 1978<br \/>\n29.03.1974-03.01.1997 Wehrf\u00fchrer<br \/>\n03.01.1997-15.01.1999 Jugendwart<br \/>\n15.01.1999-04.01.2002 Wehrf\u00fchrer<\/p>\n<p>Schmelz, Christoph<br \/>\n\u00fcber 30 Jahre Wehrf\u00fchrer und Stellvertreter der FF FD-L\u00fcderm\u00fcnd<br \/>\n30.01.1978-15.05.1979 Jugendfeuerwehr FF-FD-L\u00fcderm\u00fcnd<br \/>\nSeit 15.05.1979 Einsatzabteilung FF-FD-L\u00fcderm\u00fcnd<br \/>\nSeit 22.10.1997 Mitglied der Brandschutzkommision<br \/>\nGrundlehrgang 1979<br \/>\nGruppenf\u00fchrerlehrgang 1989<br \/>\n29.03.1985-18.01.1991 stellv. Wehrf\u00fchrer<br \/>\nSeit 18.01.1991 Wehrf\u00fchrer<\/p>\n<p>M\u00fcller, Winfried<br \/>\n\u00fcber 33 Jahre Wehrf\u00fchrer und Stellvertreter der FF FD-Dietershan<br \/>\nSeit 17.01.1973 Einsatzabteilung FF-FD-Dietershan<br \/>\nSeit 01.02.1975 Hauptamtlicher Feuerwehrmann<br \/>\nGrundlehrgang 1975<br \/>\nGruppenf\u00fchrerlehrgang 1979<br \/>\nZugf\u00fchrerlehrgang 1983<br \/>\nLeiter einer Feuerwehr 1987<br \/>\n15.03.1979-20.04.2012 Wehrf\u00fchrer<\/p>\n","protected":false},"excerpt":{"rendered":"<div class=\"tmnf_excerpt\"><p>F\u00fcr Fuldas Verwaltungschef und Brandschutzdezernent Gerhard M\u00f6ller war es der letzte gro\u00dfe Empfang als OB f\u00fcr die Feuerwehr, an dem er nicht nur gemeinsam mit Brandschutzamtsleiter Thomas Helmer Ehrungen vornehmen konnte, sondern unerwartet selbst im Mittelpunkt stand. Denn Hans-Peter Kr\u00f6ger, Pr\u00e4sident des deutschen Feuerwehrverbandes, zeichnete M\u00f6ller mit dem Feuerwehrehrenkreuz in Gold aus.\u00c2\u00a0 Mit einer Bildkollage &hellip;<\/p>\n<\/div>","protected":false},"author":1,"featured_media":141601,"comment_status":"closed","ping_status":"closed","sticky":false,"template":"","format":"standard","meta":{"footnotes":""},"categories":[1],"tags":[],"class_list":["post-141599","post","type-post","status-publish","format-standard","has-post-thumbnail","hentry","category-startseite"],"_links":{"self":[{"href":"https:\/\/www.fuldaernachrichten.de\/index.php?rest_route=\/wp\/v2\/posts\/141599","targetHints":{"allow":["GET"]}}],"collection":[{"href":"https:\/\/www.fuldaernachrichten.de\/index.php?rest_route=\/wp\/v2\/posts"}],"about":[{"href":"https:\/\/www.fuldaernachrichten.de\/index.php?rest_route=\/wp\/v2\/types\/post"}],"author":[{"embeddable":true,"href":"https:\/\/www.fuldaernachrichten.de\/index.php?rest_route=\/wp\/v2\/users\/1"}],"replies":[{"embeddable":true,"href":"https:\/\/www.fuldaernachrichten.de\/index.php?rest_route=%2Fwp%2Fv2%2Fcomments&post=141599"}],"version-history":[{"count":1,"href":"https:\/\/www.fuldaernachrichten.de\/index.php?rest_route=\/wp\/v2\/posts\/141599\/revisions"}],"predecessor-version":[{"id":141604,"href":"https:\/\/www.fuldaernachrichten.de\/index.php?rest_route=\/wp\/v2\/posts\/141599\/revisions\/141604"}],"wp:featuredmedia":[{"embeddable":true,"href":"https:\/\/www.fuldaernachrichten.de\/index.php?rest_route=\/wp\/v2\/media\/141601"}],"wp:attachment":[{"href":"https:\/\/www.fuldaernachrichten.de\/index.php?rest_route=%2Fwp%2Fv2%2Fmedia&parent=141599"}],"wp:term":[{"taxonomy":"category","embeddable":true,"href":"https:\/\/www.fuldaernachrichten.de\/index.php?rest_route=%2Fwp%2Fv2%2Fcategories&post=141599"},{"taxonomy":"post_tag","embeddable":true,"href":"https:\/\/www.fuldaernachrichten.de\/index.php?rest_route=%2Fwp%2Fv2%2Ftags&post=141599"}],"curies":[{"name":"wp","href":"https:\/\/api.w.org\/{rel}","templated":true}]}}