{"id":141569,"date":"2015-07-30T02:39:48","date_gmt":"2015-07-30T00:39:48","guid":{"rendered":"http:\/\/www.fuldaer-nachrichten.de\/?p=141569"},"modified":"2015-07-29T11:40:43","modified_gmt":"2015-07-29T09:40:43","slug":"sommerfest-im-sozialamt-und-10-geburtstag-der-kva-vogelsbergkreis-kommunales-jobcenter","status":"publish","type":"post","link":"https:\/\/www.fuldaernachrichten.de\/?p=141569","title":{"rendered":"Sommerfest im Sozialamt und 10. Geburtstag der KVA Vogelsbergkreis \u2013 Kommunales Jobcenter"},"content":{"rendered":"<p><a href=\"http:\/\/www.fuldaer-nachrichten.de\/wp-content\/uploads\/2015\/07\/LRK\u00f6hler.jpg\"><img decoding=\"async\" class=\"alignleft size-thumbnail wp-image-141571\" src=\"http:\/\/www.fuldaer-nachrichten.de\/wp-content\/uploads\/2015\/07\/LRK\u00f6hler-265x177.jpg\" alt=\"LRK\u00f6hler\" width=\"265\" height=\"177\" \/><\/a>Ein mit eigenen Worten \u201emehr als zufriedener\u201c Landrat dankte beim diesj\u00e4hrigen Sommerfest des Amts f\u00fcr Soziale Sicherung den Mitarbeiterinnen und Mitarbeitern f\u00fcr die geleistete Arbeit. \u201eSie alle arbeiten in einem der wichtigsten \u00c4mter der Kreisverwaltung und was die Zahlen angeht, sind wir im Vergleich mit anderen Kreisen immer vorne dabei \u2013 damit bin ich mehr als zufrieden\u201c, lobte Manfred G\u00f6rig die positive Entwicklung.<\/p>\n<p>Das Amt f\u00fcr Soziale Sicherung hat zehn erfolgreiche Jahre KVA Vogelsbergkreis &#8211; Kommunales Jobcenter (KVA) zum Anlass genommen, um mit allen Besch\u00e4ftigten dieses Ereignis zu feiern. Vor mehr als zehn Jahren hat der Kreistag des Vogelsbergkreises einstimmig beschlossen, die sogenannte \u201eOption\u201c zu ziehen und die Leistungen des SGB II im Vogelsbergkreis aus einer Hand zu bewilligen.<\/p>\n<p>Zu Beginn im Jahr 2005 hatte die Arbeitslosenquote im Vogelsbergkreis mit 11 Prozent ihren H\u00f6chststand, ihren Tiefstand erreichte sie im Dezember 2014 und aktuell wieder im Juni 2015 mit nur noch 3,8 Prozent. \u201eIch habe im Kreisausschuss die Statistik gezeigt und darf Ihnen auch im Namen des Kreisausschusses herzlich f\u00fcr die geleistete Arbeit danken\u201c, so Landrat G\u00f6rig. Auch die Zahl der Wiedereingliederungen \u2013 \u00fcber 16.000 Menschen w\u00e4hrend dieser zehn Jahre \u2013 sei sehr erfreulich.<\/p>\n<p>Die Zahlen der letzten 10 Jahren beeindrucken durchweg. Der H\u00f6chststand der Arbeitslosen mit 3.139 registrierten Kunden wurde um 1.906 auf 1.233 Kunden reduziert. In diesem Zeitraum wurden ca. 373 Millionen Euro f\u00fcr die Leistungen zum Lebensunterhalt und f\u00fcr Eingliederungsleistungen ausgegeben. Auch bei den durch das Land Hessen erhobenen Kennzahlen belegt die KVA Spitzenpl\u00e4tze.<\/p>\n<p>Erfreut zeigte sich Werner K\u00f6hler auch \u00fcber eine andere Zahl: Von den aktuell 91 Besch\u00e4ftigten der KVA sind 47 Besch\u00e4ftigte schon seit 2005 in der KVA eingesetzt. Dies zeigt, dass nicht nur die Kunden gut integriert werden, sondern dass auch ein gutes Arbeitsklima herrscht und die Besch\u00e4ftigten mit viel Engagement ihren Aufgaben nachgehen.<\/p>\n<p>In der Anfangszeit stand die KVA im Amt f\u00fcr Soziale Sicherung permanent im Fokus, mittlerweile hat sich aber alles eingespielt und insbesondere das Thema Asyl mit den immensen Steigerungsraten r\u00fcckt in das Zentrum der Aufmerksamkeit. Im Bereich der Sozialen Sicherung gibt es daher keinen Stillstand und auch in Zukunft warten gro\u00dfe und wichtige Aufgaben auf das Amt f\u00fcr Soziale Sicherung.<\/p>\n","protected":false},"excerpt":{"rendered":"<div class=\"tmnf_excerpt\"><p>Ein mit eigenen Worten \u201emehr als zufriedener\u201c Landrat dankte beim diesj\u00e4hrigen Sommerfest des Amts f\u00fcr Soziale Sicherung den Mitarbeiterinnen und Mitarbeitern f\u00fcr die geleistete Arbeit. \u201eSie alle arbeiten in einem der wichtigsten \u00c4mter der Kreisverwaltung und was die Zahlen angeht, sind wir im Vergleich mit anderen Kreisen immer vorne dabei \u2013 damit bin ich mehr &hellip;<\/p>\n<\/div>","protected":false},"author":1,"featured_media":141570,"comment_status":"closed","ping_status":"closed","sticky":false,"template":"","format":"standard","meta":{"footnotes":""},"categories":[1],"tags":[],"class_list":["post-141569","post","type-post","status-publish","format-standard","has-post-thumbnail","hentry","category-startseite"],"_links":{"self":[{"href":"https:\/\/www.fuldaernachrichten.de\/index.php?rest_route=\/wp\/v2\/posts\/141569","targetHints":{"allow":["GET"]}}],"collection":[{"href":"https:\/\/www.fuldaernachrichten.de\/index.php?rest_route=\/wp\/v2\/posts"}],"about":[{"href":"https:\/\/www.fuldaernachrichten.de\/index.php?rest_route=\/wp\/v2\/types\/post"}],"author":[{"embeddable":true,"href":"https:\/\/www.fuldaernachrichten.de\/index.php?rest_route=\/wp\/v2\/users\/1"}],"replies":[{"embeddable":true,"href":"https:\/\/www.fuldaernachrichten.de\/index.php?rest_route=%2Fwp%2Fv2%2Fcomments&post=141569"}],"version-history":[{"count":1,"href":"https:\/\/www.fuldaernachrichten.de\/index.php?rest_route=\/wp\/v2\/posts\/141569\/revisions"}],"predecessor-version":[{"id":141572,"href":"https:\/\/www.fuldaernachrichten.de\/index.php?rest_route=\/wp\/v2\/posts\/141569\/revisions\/141572"}],"wp:featuredmedia":[{"embeddable":true,"href":"https:\/\/www.fuldaernachrichten.de\/index.php?rest_route=\/wp\/v2\/media\/141570"}],"wp:attachment":[{"href":"https:\/\/www.fuldaernachrichten.de\/index.php?rest_route=%2Fwp%2Fv2%2Fmedia&parent=141569"}],"wp:term":[{"taxonomy":"category","embeddable":true,"href":"https:\/\/www.fuldaernachrichten.de\/index.php?rest_route=%2Fwp%2Fv2%2Fcategories&post=141569"},{"taxonomy":"post_tag","embeddable":true,"href":"https:\/\/www.fuldaernachrichten.de\/index.php?rest_route=%2Fwp%2Fv2%2Ftags&post=141569"}],"curies":[{"name":"wp","href":"https:\/\/api.w.org\/{rel}","templated":true}]}}