{"id":141546,"date":"2015-07-30T00:56:02","date_gmt":"2015-07-29T22:56:02","guid":{"rendered":"http:\/\/www.fuldaer-nachrichten.de\/?p=141546"},"modified":"2015-07-29T10:56:38","modified_gmt":"2015-07-29T08:56:38","slug":"rund-25-millionen-euro-fuer-musikschulen-in-hessen","status":"publish","type":"post","link":"https:\/\/www.fuldaernachrichten.de\/?p=141546","title":{"rendered":"Rund 2,5 Millionen Euro f\u00fcr Musikschulen in Hessen"},"content":{"rendered":"<p>Das Hessische Ministerium f\u00fcr Wissenschaft und Kunst unterst\u00fctzt in diesem Jahr die Arbeit der \u00f6ffentlichen Musikschulen im Land mit rund 2,5 Millionen Euro. Damit stehen 500.000 Euro mehr f\u00fcr die musikalische Bildung zur Verf\u00fcgung als noch im Jahr 2014.<\/p>\n<p>Die \u00f6ffentlichen Musikschulen vereinen Elemente des allgemein bildenden Schulwesens, des beruflichen Schulwesens, der au\u00dferschulischen Jugendbildung und der Weiterbildung an sich. Sie verkn\u00fcpfen die unterschiedlichen Bildungsfunktionen im Bereich\u00c2\u00a0 der musikalischen Bildung in einer Institution und bieten dar\u00fcber hinaus qualifizierte Angebote zur Studienvorbereitung junger Berufsmusiker.<\/p>\n<p>Musikf\u00f6rderung hat hohen Stellenwert in der Kulturpolitik<\/p>\n<p>Kunst- und Kulturminister Boris Rhein: \u201eIch bin sehr froh, dass die F\u00f6rderung der \u00f6ffentlichen Musikschulen einen hohen Stellenwert in der Kulturpolitik der Landesregierung genie\u00dft. Mit der schrittweisen Erh\u00f6hung der Musikschulf\u00f6rderung um zun\u00e4chst 500.000 Euro und weiteren 300.000 Euro bis zum Jahr 2017 wird ein wichtiger Auftrag aus dem Koalitionsvertrag erf\u00fcllt. Die \u00f6ffentlichen Musikschulen in Hessen leisten einen unverzichtbaren Beitrag zur musikalischen Breitenausbildung, aber ebenso zur F\u00f6rderung hochtalentierter junger Musikerinnen und Musiker. Das hervorragende Abschneiden der hessischen Teilnehmer beim Bundeswettbewerb \u00e2\u20ac\u0161Jugend musiziert\u00e2\u20ac\u02dc ist daf\u00fcr ein \u00fcberzeugender Beleg.\u201c<\/p>\n<p>66 \u00f6ffentlich getragene Musikschulen<\/p>\n<p>Der VdM Hessen ist einer der gr\u00f6\u00dften hessischen Fach- und Tr\u00e4gerverb\u00e4nde im Bereich der musikalisch-kulturellen Jugendbildung. 1967 entstanden, bildet er mittlerweile ein Netzwerk von nahezu 5.200 Lehrkr\u00e4ften an 66 \u00f6ffentlich getragenen Musikschulen, die in rund 120 St\u00e4dten und Gemeinden ein vielf\u00e4ltiges Unterrichtsangebot mit \u00fcber 93.000 F\u00e4cherbelegungen bereithalten.<\/p>\n<p>Aufteilung der Landesmittel durch den Verband deutscher Musikschulen Hessen e. V. (Zahlen gerundet):<\/p>\n<ul>\n<li>1,9 Millionen Euro zur Weiterleitung an die 54 vereinsgetragenen Mitgliedsschulen<\/li>\n<li>197.000 Euro zur Finanzierung von Sonderprojekten mit Jugendlichen mit Migrationshintergrund und\/oder sozialer Benachteiligung<\/li>\n<li>178.000 Euro zur Finanzierung VdM-Gesch\u00e4ftsstelle sowie der Weiterbildungsprogramme f\u00fcr die Musikschullehrkr\u00e4fte<\/li>\n<li>200.000 Euro f\u00fcr die 13 kommunal getragenen Musikschulen<\/li>\n<li>27.000 Euro f\u00fcr freie Musikschulen<\/li>\n<\/ul>\n","protected":false},"excerpt":{"rendered":"<div class=\"tmnf_excerpt\"><p>Das Hessische Ministerium f\u00fcr Wissenschaft und Kunst unterst\u00fctzt in diesem Jahr die Arbeit der \u00f6ffentlichen Musikschulen im Land mit rund 2,5 Millionen Euro. Damit stehen 500.000 Euro mehr f\u00fcr die musikalische Bildung zur Verf\u00fcgung als noch im Jahr 2014. Die \u00f6ffentlichen Musikschulen vereinen Elemente des allgemein bildenden Schulwesens, des beruflichen Schulwesens, der au\u00dferschulischen Jugendbildung und &hellip;<\/p>\n<\/div>","protected":false},"author":1,"featured_media":0,"comment_status":"closed","ping_status":"closed","sticky":false,"template":"","format":"standard","meta":{"footnotes":""},"categories":[1,44,29],"tags":[],"class_list":["post-141546","post","type-post","status-publish","format-standard","hentry","category-startseite","category-kultur","category-politik"],"_links":{"self":[{"href":"https:\/\/www.fuldaernachrichten.de\/index.php?rest_route=\/wp\/v2\/posts\/141546","targetHints":{"allow":["GET"]}}],"collection":[{"href":"https:\/\/www.fuldaernachrichten.de\/index.php?rest_route=\/wp\/v2\/posts"}],"about":[{"href":"https:\/\/www.fuldaernachrichten.de\/index.php?rest_route=\/wp\/v2\/types\/post"}],"author":[{"embeddable":true,"href":"https:\/\/www.fuldaernachrichten.de\/index.php?rest_route=\/wp\/v2\/users\/1"}],"replies":[{"embeddable":true,"href":"https:\/\/www.fuldaernachrichten.de\/index.php?rest_route=%2Fwp%2Fv2%2Fcomments&post=141546"}],"version-history":[{"count":1,"href":"https:\/\/www.fuldaernachrichten.de\/index.php?rest_route=\/wp\/v2\/posts\/141546\/revisions"}],"predecessor-version":[{"id":141547,"href":"https:\/\/www.fuldaernachrichten.de\/index.php?rest_route=\/wp\/v2\/posts\/141546\/revisions\/141547"}],"wp:attachment":[{"href":"https:\/\/www.fuldaernachrichten.de\/index.php?rest_route=%2Fwp%2Fv2%2Fmedia&parent=141546"}],"wp:term":[{"taxonomy":"category","embeddable":true,"href":"https:\/\/www.fuldaernachrichten.de\/index.php?rest_route=%2Fwp%2Fv2%2Fcategories&post=141546"},{"taxonomy":"post_tag","embeddable":true,"href":"https:\/\/www.fuldaernachrichten.de\/index.php?rest_route=%2Fwp%2Fv2%2Ftags&post=141546"}],"curies":[{"name":"wp","href":"https:\/\/api.w.org\/{rel}","templated":true}]}}