{"id":141537,"date":"2015-07-29T10:20:23","date_gmt":"2015-07-29T08:20:23","guid":{"rendered":"http:\/\/www.fuldaer-nachrichten.de\/?p=141537"},"modified":"2015-07-29T10:20:23","modified_gmt":"2015-07-29T08:20:23","slug":"ortslandwirte-fuer-neue-amtsperiode-gesucht","status":"publish","type":"post","link":"https:\/\/www.fuldaernachrichten.de\/?p=141537","title":{"rendered":"Ortslandwirte f\u00fcr neue Amtsperiode gesucht"},"content":{"rendered":"<p>Die Amtszeit der Ortslandwirte und deren Stellvertreter endet am 31. Dezember 2015. F\u00fcr die n\u00e4chste sechsj\u00e4hrige Amtszeit (2016-2012) sucht der Gebietsagrarausschuss des Landkreises Fulda geeignete Kandidaten.<\/p>\n<p>Als Ortslandwirt\/Ortslandwirtin kann benannt werden, wer Deutscher\/Deutsche ist oder die Staatsangeh\u00f6rigkeit eines EU-Mitgliedsstaats besitzt, das 18. Lebensjahr vollendet, seit mindestens drei Monaten ununterbrochen in Hessen wohnt und in einem landwirtschaftlichen Betrieb mit mehr als zwei Hektar Nutzfl\u00e4che t\u00e4tig ist. Die Bezirke\/Unterbezirke der Ortslandwirte bleiben in ihren bisherigen Grenzen erhalten. Interessierte f\u00fcr das Amt des Ortslandwirts\/der Ortslandwirtin und dessen Stellvertreter setzen sich mit dem amtierenden Ortslandwirt beziehungsweise in Ausnahmef\u00e4llen mit der Gesch\u00e4ftsstelle des Gebietsagrarausschusses beim Fachdienst Landwirtschaft der Kreisverwaltung, Telefon (0661)6006-720 (Herr Sudbrock), in Verbindung. Benennungsvorschl\u00e4ge m\u00fcssen bis zum 30. August 2015 beim Gebietsagrarausschuss vorliegen.<\/p>\n","protected":false},"excerpt":{"rendered":"<div class=\"tmnf_excerpt\"><p>Die Amtszeit der Ortslandwirte und deren Stellvertreter endet am 31. Dezember 2015. F\u00fcr die n\u00e4chste sechsj\u00e4hrige Amtszeit (2016-2012) sucht der Gebietsagrarausschuss des Landkreises Fulda geeignete Kandidaten. Als Ortslandwirt\/Ortslandwirtin kann benannt werden, wer Deutscher\/Deutsche ist oder die Staatsangeh\u00f6rigkeit eines EU-Mitgliedsstaats besitzt, das 18. Lebensjahr vollendet, seit mindestens drei Monaten ununterbrochen in Hessen wohnt und in einem &hellip;<\/p>\n<\/div>","protected":false},"author":1,"featured_media":0,"comment_status":"closed","ping_status":"closed","sticky":false,"template":"","format":"standard","meta":{"footnotes":""},"categories":[1],"tags":[],"class_list":["post-141537","post","type-post","status-publish","format-standard","hentry","category-startseite"],"_links":{"self":[{"href":"https:\/\/www.fuldaernachrichten.de\/index.php?rest_route=\/wp\/v2\/posts\/141537","targetHints":{"allow":["GET"]}}],"collection":[{"href":"https:\/\/www.fuldaernachrichten.de\/index.php?rest_route=\/wp\/v2\/posts"}],"about":[{"href":"https:\/\/www.fuldaernachrichten.de\/index.php?rest_route=\/wp\/v2\/types\/post"}],"author":[{"embeddable":true,"href":"https:\/\/www.fuldaernachrichten.de\/index.php?rest_route=\/wp\/v2\/users\/1"}],"replies":[{"embeddable":true,"href":"https:\/\/www.fuldaernachrichten.de\/index.php?rest_route=%2Fwp%2Fv2%2Fcomments&post=141537"}],"version-history":[{"count":1,"href":"https:\/\/www.fuldaernachrichten.de\/index.php?rest_route=\/wp\/v2\/posts\/141537\/revisions"}],"predecessor-version":[{"id":141538,"href":"https:\/\/www.fuldaernachrichten.de\/index.php?rest_route=\/wp\/v2\/posts\/141537\/revisions\/141538"}],"wp:attachment":[{"href":"https:\/\/www.fuldaernachrichten.de\/index.php?rest_route=%2Fwp%2Fv2%2Fmedia&parent=141537"}],"wp:term":[{"taxonomy":"category","embeddable":true,"href":"https:\/\/www.fuldaernachrichten.de\/index.php?rest_route=%2Fwp%2Fv2%2Fcategories&post=141537"},{"taxonomy":"post_tag","embeddable":true,"href":"https:\/\/www.fuldaernachrichten.de\/index.php?rest_route=%2Fwp%2Fv2%2Ftags&post=141537"}],"curies":[{"name":"wp","href":"https:\/\/api.w.org\/{rel}","templated":true}]}}