{"id":141529,"date":"2015-07-29T10:19:05","date_gmt":"2015-07-29T08:19:05","guid":{"rendered":"http:\/\/www.fuldaer-nachrichten.de\/?p=141529"},"modified":"2015-07-29T10:19:05","modified_gmt":"2015-07-29T08:19:05","slug":"freihandelsabkommen-wird-zum-demokratie-killer","status":"publish","type":"post","link":"https:\/\/www.fuldaernachrichten.de\/?p=141529","title":{"rendered":"Freihandelsabkommen wird zum Demokratie Killer"},"content":{"rendered":"<p>Die Katholische Arbeitnehmer-Bewegung (KAB) Di\u00f6zesanverband Fulda kritisiert die Ablehnung der us-amerikanischen Botschaft, Bundestagsabgeordneten Einblicke in die Verhandlungsprotokolle zum Transatlantischen Freihandelsabkommen (TTIP) zwischen der EU und den USA zu gew\u00e4hren.<\/p>\n<p>&#8220;TTIP gef\u00e4hrdet nicht nur Sozial- und Umweltstandards, sondern wird durch dieses Verhalten bereits im Vorfeld seines Zustandekommens zum Demokratie-Killer Nummer Eins in Europa&#8221;, erkl\u00e4rt KAB Di\u00f6zesansekret\u00e4r Michael Schmitt, Fulda.<\/p>\n<p>Bundestagspr\u00e4sident Nobert Lammert hatte die US-Botschaft in einem \u00f6ffentlichen Brief aufgefordert, den Bundestagsabgeordneten Einsicht in die Verhandlungsprotokolle zu gew\u00e4hren. Der Vorsitzende des Wirtschaftsausschusses, der CSU-Abgeordnete Peter Ramsauer, hatte den Parlamentspr\u00e4sidenten gebeten, die Verhandlungen auch f\u00fcr die Arbeit des Wirtschaftsausschusses transparent zu machen. Die US-Botschaft hat dies verweigert. Derzeit d\u00fcrfen nur ausgesuchte Regierungsvertreter unter gro\u00dfen Sicherheitsvorkehrungen Einblicke in die bisherigen Ergebnisse nehmen.<\/p>\n<p>Der katholische Sozialverband ruft die Parlamente in der Europ\u00e4ischen Union auf, die von EU-Kommissarin Cecilia Malmstr\u00f6m angek\u00fcndigte Transparenz bei den Verhandlungen vehement einzufordern. &#8220;Es ist schon ein Skandal, dass das Europ\u00e4ische Parlament ohne konkrete Informationen \u00fcber den Inhalt des Freihandelsabkommen den weiteren Verhandlungen mehrheitlich zugestimmt hat&#8221;, betont Michael Schmitt. Er sieht die Entscheidung der Europaabgeordneten als &#8220;Blind-Flug der Politik&#8221; in ein undemokratisches Handelsabkommen. Die KAB wird gemeinsam mit den europ\u00e4ischen Mitgliedsverb\u00e4nde der EBCA (Europ\u00e4ische Bewegung Christlicher Arbeitnehmerverb\u00e4nde) \u00fcber die nationalen Parlamente in den einzelnen EU-L\u00e4ndern v\u00f6llige Transparenz einfordern und alle demokratischen Hebel anzusetzen, das Freihandelsabkommen zu stoppen.<\/p>\n","protected":false},"excerpt":{"rendered":"<div class=\"tmnf_excerpt\"><p>Die Katholische Arbeitnehmer-Bewegung (KAB) Di\u00f6zesanverband Fulda kritisiert die Ablehnung der us-amerikanischen Botschaft, Bundestagsabgeordneten Einblicke in die Verhandlungsprotokolle zum Transatlantischen Freihandelsabkommen (TTIP) zwischen der EU und den USA zu gew\u00e4hren. &#8220;TTIP gef\u00e4hrdet nicht nur Sozial- und Umweltstandards, sondern wird durch dieses Verhalten bereits im Vorfeld seines Zustandekommens zum Demokratie-Killer Nummer Eins in Europa&#8221;, erkl\u00e4rt KAB Di\u00f6zesansekret\u00e4r &hellip;<\/p>\n<\/div>","protected":false},"author":1,"featured_media":0,"comment_status":"closed","ping_status":"closed","sticky":false,"template":"","format":"standard","meta":{"footnotes":""},"categories":[1,29],"tags":[],"class_list":["post-141529","post","type-post","status-publish","format-standard","hentry","category-startseite","category-politik"],"_links":{"self":[{"href":"https:\/\/www.fuldaernachrichten.de\/index.php?rest_route=\/wp\/v2\/posts\/141529","targetHints":{"allow":["GET"]}}],"collection":[{"href":"https:\/\/www.fuldaernachrichten.de\/index.php?rest_route=\/wp\/v2\/posts"}],"about":[{"href":"https:\/\/www.fuldaernachrichten.de\/index.php?rest_route=\/wp\/v2\/types\/post"}],"author":[{"embeddable":true,"href":"https:\/\/www.fuldaernachrichten.de\/index.php?rest_route=\/wp\/v2\/users\/1"}],"replies":[{"embeddable":true,"href":"https:\/\/www.fuldaernachrichten.de\/index.php?rest_route=%2Fwp%2Fv2%2Fcomments&post=141529"}],"version-history":[{"count":1,"href":"https:\/\/www.fuldaernachrichten.de\/index.php?rest_route=\/wp\/v2\/posts\/141529\/revisions"}],"predecessor-version":[{"id":141531,"href":"https:\/\/www.fuldaernachrichten.de\/index.php?rest_route=\/wp\/v2\/posts\/141529\/revisions\/141531"}],"wp:attachment":[{"href":"https:\/\/www.fuldaernachrichten.de\/index.php?rest_route=%2Fwp%2Fv2%2Fmedia&parent=141529"}],"wp:term":[{"taxonomy":"category","embeddable":true,"href":"https:\/\/www.fuldaernachrichten.de\/index.php?rest_route=%2Fwp%2Fv2%2Fcategories&post=141529"},{"taxonomy":"post_tag","embeddable":true,"href":"https:\/\/www.fuldaernachrichten.de\/index.php?rest_route=%2Fwp%2Fv2%2Ftags&post=141529"}],"curies":[{"name":"wp","href":"https:\/\/api.w.org\/{rel}","templated":true}]}}