{"id":141526,"date":"2015-07-29T10:18:50","date_gmt":"2015-07-29T08:18:50","guid":{"rendered":"http:\/\/www.fuldaer-nachrichten.de\/?p=141526"},"modified":"2015-07-29T10:18:50","modified_gmt":"2015-07-29T08:18:50","slug":"landrat-goerig-gratuliert-sabine-schaefer-aus-lauterbach-zum-25-jaehrigen-dienstjubilaeum","status":"publish","type":"post","link":"https:\/\/www.fuldaernachrichten.de\/?p=141526","title":{"rendered":"Landrat G\u00f6rig gratuliert Sabine Sch\u00e4fer aus Lauterbach zum 25-j\u00e4hrigen Dienstjubil\u00e4um"},"content":{"rendered":"<p>Eine Ausbildung zur Verwaltungsfachangestellten bei der Stadt Flensburg war der Start ins Berufsleben von Sabine Sch\u00e4fer. \u201eDer Liebe wegen\u201c hatte es die geb\u00fcrtige Flensburgerin dann in den Vogelsbergkreis verschlagen, wo sie schlie\u00dflich 2004 ihre erste Anstellung bei der Kreisverwaltung im Amt f\u00fcr Soziale Sicherung erhielt. Es folgten einige Jahre bei der Volkshochschule im Projekt Hessen-Campus bevor sie nach einer gesundheitsbedingten Auszeit Mitte 2014 ins Amt f\u00fcr Bauen und Umwelt in den Bereich Wasser- und Bodenschutz wechselte. Dort ist die Jubilarin f\u00fcr Heiz\u00f6llageranlagen im Altkreis Lauterbach und das Fachinformationssystem f\u00fcr wassergef\u00e4hrdende Stoffe zust\u00e4ndig.<\/p>\n<p>Zum 25-j\u00e4hrigen Dienstjubil\u00e4um \u00fcberreichte Landrat Manfred G\u00f6rig eine Urkunde und w\u00fcnschte f\u00fcr die Zukunft alles Gute. Nach einigen Stationen sei sie offenbar \u201eam rechten Platz\u201c angekommen und habe sich bestens eingearbeitet. J\u00fcrgen Steuber vom Amt f\u00fcr Bauen und Umwelt best\u00e4tigte dies, \u201ewir sind froh, dass wir Frau Sch\u00e4fer im Team haben\u201c. Sie habe sich besonders schnell in das Fachinformationssystem eingearbeitet und schon einige konstruktive Vorschl\u00e4ge zur Programmnutzung machen k\u00f6nnen.<\/p>\n<p>Den Gl\u00fcckw\u00fcnschen schlossen sich auch Christa Wiese (Haupt- und Personalamt), Peter Sukdolak (Personalrat) und Frauenbeauftragte Conny Hentz-D\u00f6ring an. Sie alle freuten sich mit der Jubilarin \u00fcber den gegl\u00fcckten Wiedereinstieg und w\u00fcnschten f\u00fcr die weiteren Arbeitsjahre vor allem Gesundheit.<\/p>\n","protected":false},"excerpt":{"rendered":"<div class=\"tmnf_excerpt\"><p>Eine Ausbildung zur Verwaltungsfachangestellten bei der Stadt Flensburg war der Start ins Berufsleben von Sabine Sch\u00e4fer. \u201eDer Liebe wegen\u201c hatte es die geb\u00fcrtige Flensburgerin dann in den Vogelsbergkreis verschlagen, wo sie schlie\u00dflich 2004 ihre erste Anstellung bei der Kreisverwaltung im Amt f\u00fcr Soziale Sicherung erhielt. Es folgten einige Jahre bei der Volkshochschule im Projekt Hessen-Campus &hellip;<\/p>\n<\/div>","protected":false},"author":1,"featured_media":141527,"comment_status":"closed","ping_status":"closed","sticky":false,"template":"","format":"standard","meta":{"footnotes":""},"categories":[29],"tags":[],"class_list":["post-141526","post","type-post","status-publish","format-standard","has-post-thumbnail","hentry","category-politik"],"_links":{"self":[{"href":"https:\/\/www.fuldaernachrichten.de\/index.php?rest_route=\/wp\/v2\/posts\/141526","targetHints":{"allow":["GET"]}}],"collection":[{"href":"https:\/\/www.fuldaernachrichten.de\/index.php?rest_route=\/wp\/v2\/posts"}],"about":[{"href":"https:\/\/www.fuldaernachrichten.de\/index.php?rest_route=\/wp\/v2\/types\/post"}],"author":[{"embeddable":true,"href":"https:\/\/www.fuldaernachrichten.de\/index.php?rest_route=\/wp\/v2\/users\/1"}],"replies":[{"embeddable":true,"href":"https:\/\/www.fuldaernachrichten.de\/index.php?rest_route=%2Fwp%2Fv2%2Fcomments&post=141526"}],"version-history":[{"count":1,"href":"https:\/\/www.fuldaernachrichten.de\/index.php?rest_route=\/wp\/v2\/posts\/141526\/revisions"}],"predecessor-version":[{"id":141530,"href":"https:\/\/www.fuldaernachrichten.de\/index.php?rest_route=\/wp\/v2\/posts\/141526\/revisions\/141530"}],"wp:featuredmedia":[{"embeddable":true,"href":"https:\/\/www.fuldaernachrichten.de\/index.php?rest_route=\/wp\/v2\/media\/141527"}],"wp:attachment":[{"href":"https:\/\/www.fuldaernachrichten.de\/index.php?rest_route=%2Fwp%2Fv2%2Fmedia&parent=141526"}],"wp:term":[{"taxonomy":"category","embeddable":true,"href":"https:\/\/www.fuldaernachrichten.de\/index.php?rest_route=%2Fwp%2Fv2%2Fcategories&post=141526"},{"taxonomy":"post_tag","embeddable":true,"href":"https:\/\/www.fuldaernachrichten.de\/index.php?rest_route=%2Fwp%2Fv2%2Ftags&post=141526"}],"curies":[{"name":"wp","href":"https:\/\/api.w.org\/{rel}","templated":true}]}}