{"id":141519,"date":"2015-07-29T10:17:38","date_gmt":"2015-07-29T08:17:38","guid":{"rendered":"http:\/\/www.fuldaer-nachrichten.de\/?p=141519"},"modified":"2015-07-29T10:17:38","modified_gmt":"2015-07-29T08:17:38","slug":"techniker-krankenkasse-zeichnet-betriebliches-gesundheitsmanagement-von-jumo-aus","status":"publish","type":"post","link":"https:\/\/www.fuldaernachrichten.de\/?p=141519","title":{"rendered":"Techniker Krankenkasse zeichnet Betriebliches Gesundheitsmanagement von JUMO aus"},"content":{"rendered":"<p>Mit einer Urkunde zeichnete die Techniker Krankenkasse das Betriebliche Gesundheitsmanagement (BGM) der JUMO GmbH &amp; Co. KG aus. Das Unternehmen besch\u00e4ftigt sich seit 2012 strategisch mit der Frage, wie die Gesundheit der Mitarbeiterinnen und Mitarbeiter gezielt erhalten und gef\u00f6rdert werden kann.<\/p>\n<p>\u201eDer demografische Wandel und die st\u00e4ndig steigenden Anforderungen der Arbeitswelt machen es notwendig, gezielt in die Gesundheit unserer Belegschaft zu investieren, um die Besch\u00e4ftigungsf\u00e4higkeit der Mitarbeiterinnen und Mitarbeiter langfristig zu erhalten\u201c, erl\u00e4uterte der gesch\u00e4ftsf\u00fchrende Gesellschafter Bernhard Juchheim die Beweggr\u00fcnde, die zur Einf\u00fchrung eines Betrieblichen Gesundheitsmanagements bei JUMO f\u00fchrten.<br \/>\n\u201eKern unserer Arbeit ist \u00e2\u20ac\u0161JUMOfit vor Ort\u00e2\u20ac\u02dc, ein kontinuierlicher Verbesserungsprozess zur Reduzierung von Belastungen direkt am Arbeitsplatz\u201c, so die Leiterin des JUMO-BGM Patricia Naujoks. Bereichsweise werden Ver\u00e4nderungen \u00fcber eine schriftliche Befragung und anschlie\u00dfende Workshops gemeinsam mit den Mitarbeiterinnen und Mitarbeitern realisiert.<\/p>\n<p>F\u00fcr die erfolgreiche Einf\u00fchrung und Umsetzung der ersten Ma\u00dfnahmen zeichnete die Techniker Krankenkasse als Kooperationspartner das Unternehmen jetzt mit einer Urkunde aus.<\/p>\n<p>\u201eDurch unser gemeinsames Engagement ist es JUMO gelungen, ein Konzept zum Betrieblichem Gesundheitsmanagement zu entwickeln, in das Mitarbeiter und F\u00fchrungskr\u00e4fte gleicherma\u00dfen eingebunden sind\u201c, sagte Simone K\u00f6hler, Beraterin f\u00fcr betriebliches Gesundheitsmanagement bei der TK in Hessen. \u201eWesentlich darin ist, dass es nicht allein beim Verhalten der Mitarbeiter ansetzt, sondern vor allem die Verh\u00e4ltnisse bei der Arbeit betrachtet und, falls n\u00f6tig, gesundheitsf\u00f6rdernd ver\u00e4ndert. Heute ist dieses Konzept auf jeden Bereich im Unternehmen anwendbar.\u201c<\/p>\n<p>\u201eUnter dem Motto \u00e2\u20ac\u0161Gesunde Arbeit in einem gesunden Unternehmen\u00e2\u20ac\u02dc ist es seit 2012 erkl\u00e4rtes Ziel des Unternehmens, unsere Arbeitspl\u00e4tze noch gesundheitsf\u00f6rderlicher zu gestalten und unsere Mitarbeiter zu gesundheitsbewusstem Verhalten anzuregen\u201c, bekr\u00e4ftigte Personalleiter Ralf Metschies.<\/p>\n<p>Als weitere Ma\u00dfnahmen organisiert Patricia Naujoks mit ihrem \u201eTeam Gesundheit\u201c regelm\u00e4\u00dfige Gesundheitstage sowie zahlreiche Kurse zu Themen wie Ern\u00e4hrung, Bewegung oder Stressbew\u00e4ltigung. Zu weiteren Highlights im JUMO-Gesundheitsprogramm z\u00e4hlen Gemeinschaftsveranstaltungen wie der \u201eChallenge Lauf\u201c, der \u201eRh\u00f6n Special Cup\u201c oder ein regelm\u00e4\u00dfiges Fu\u00dfballturnier.<\/p>\n<p>Zum Bild: Mit einer Urkunde wurde das Betriebliche Gesundheitsmanagement von JUMO ausgezeichnet. Von links: Simone K\u00f6hler (Techniker Krankenkasse), Patricia Naujoks (Leiterin des Betrieblichen Gesundheitsmanagements von JUMO), Ralf Metschies (JUMO Personalleiter), Bernhard Juchheim (gesch\u00e4ftsf\u00fchrender JUMO-Gesellschafter) und Andreas Norwig (Techniker Krankenkasse)<\/p>\n","protected":false},"excerpt":{"rendered":"<div class=\"tmnf_excerpt\"><p>Mit einer Urkunde zeichnete die Techniker Krankenkasse das Betriebliche Gesundheitsmanagement (BGM) der JUMO GmbH &amp; Co. KG aus. Das Unternehmen besch\u00e4ftigt sich seit 2012 strategisch mit der Frage, wie die Gesundheit der Mitarbeiterinnen und Mitarbeiter gezielt erhalten und gef\u00f6rdert werden kann. \u201eDer demografische Wandel und die st\u00e4ndig steigenden Anforderungen der Arbeitswelt machen es notwendig, gezielt &hellip;<\/p>\n<\/div>","protected":false},"author":1,"featured_media":141523,"comment_status":"closed","ping_status":"closed","sticky":false,"template":"","format":"standard","meta":{"footnotes":""},"categories":[1],"tags":[],"class_list":["post-141519","post","type-post","status-publish","format-standard","has-post-thumbnail","hentry","category-startseite"],"_links":{"self":[{"href":"https:\/\/www.fuldaernachrichten.de\/index.php?rest_route=\/wp\/v2\/posts\/141519","targetHints":{"allow":["GET"]}}],"collection":[{"href":"https:\/\/www.fuldaernachrichten.de\/index.php?rest_route=\/wp\/v2\/posts"}],"about":[{"href":"https:\/\/www.fuldaernachrichten.de\/index.php?rest_route=\/wp\/v2\/types\/post"}],"author":[{"embeddable":true,"href":"https:\/\/www.fuldaernachrichten.de\/index.php?rest_route=\/wp\/v2\/users\/1"}],"replies":[{"embeddable":true,"href":"https:\/\/www.fuldaernachrichten.de\/index.php?rest_route=%2Fwp%2Fv2%2Fcomments&post=141519"}],"version-history":[{"count":1,"href":"https:\/\/www.fuldaernachrichten.de\/index.php?rest_route=\/wp\/v2\/posts\/141519\/revisions"}],"predecessor-version":[{"id":141524,"href":"https:\/\/www.fuldaernachrichten.de\/index.php?rest_route=\/wp\/v2\/posts\/141519\/revisions\/141524"}],"wp:featuredmedia":[{"embeddable":true,"href":"https:\/\/www.fuldaernachrichten.de\/index.php?rest_route=\/wp\/v2\/media\/141523"}],"wp:attachment":[{"href":"https:\/\/www.fuldaernachrichten.de\/index.php?rest_route=%2Fwp%2Fv2%2Fmedia&parent=141519"}],"wp:term":[{"taxonomy":"category","embeddable":true,"href":"https:\/\/www.fuldaernachrichten.de\/index.php?rest_route=%2Fwp%2Fv2%2Fcategories&post=141519"},{"taxonomy":"post_tag","embeddable":true,"href":"https:\/\/www.fuldaernachrichten.de\/index.php?rest_route=%2Fwp%2Fv2%2Ftags&post=141519"}],"curies":[{"name":"wp","href":"https:\/\/api.w.org\/{rel}","templated":true}]}}