{"id":14148,"date":"2008-11-17T00:12:16","date_gmt":"2008-11-16T23:12:16","guid":{"rendered":"http:\/\/www.schoene-nachrichten.de\/?p=14148"},"modified":"2008-11-16T18:12:32","modified_gmt":"2008-11-16T17:12:32","slug":"ueber-das-normale-mass-hinaus-engagiert","status":"publish","type":"post","link":"https:\/\/www.fuldaernachrichten.de\/?p=14148","title":{"rendered":"\u00dcber das normale Ma\u00df hinaus engagiert"},"content":{"rendered":"<p><a rel=\"lightbox[roadtrip]\" href=\"http:\/\/www.schoene-nachrichten.de\/wp-content\/uploads\/2008\/11\/081114-sportler.jpg\" target=\"_blank\"><img decoding=\"async\" class=\"alignnone size-thumbnail wp-image-14149\" title=\"081114-sportler\" src=\"http:\/\/www.schoene-nachrichten.de\/wp-content\/uploads\/2008\/11\/081114-sportler-128x85.jpg\" alt=\"\" hspace=\"5\" width=\"128\" height=\"85\" align=\"left\" \/><\/a><strong>Hosenfeld.<\/strong> Als Ansporn, das gemeinschaftliche Zusammenleben, aber auch die eigene Lebensqualit\u00e4t weiter zu bereichern, wollte Erster Kreisbeigeordneter Dr. Heiko Wingenfeld die Sportlerehrung in der Gemeinde Hosenfeld verstanden wissen. Die Geehrten h\u00e4tten Disziplin, Teamf\u00e4higkeit, Verantwortungsbewusstsein und die Bereitschaft, sich \u00fcber das normale Ma\u00df hinaus zu engagieren, bewiesen.<!--more--><\/p>\n<p>Der individuelle Erfolg sei immer eine Gemeinschaftsleistung, hinter der andere Personen wie \u00dcbungsleiter, Vereinsf\u00fchrung und Eltern st\u00fcnden, betonte der Sportdezernent des Landkreises Fulda. Dr. Wingenfeld regte an, dem Beispiel der Gemeinde Hosenfeld zu folgen und solche Ehrungen nicht nur auf den Sport zu beschr\u00e4nken, sondern auch z\u00fcchterische und kulturelle Leistungen mit einzubeziehen.<\/p>\n<p><strong>Positive Vorbilder<\/strong><\/p>\n<p>Neben dem Ersten Kreisbeigeordneten Dr. Wingenfeld konnte B\u00fcrgermeister Bruno Block zur Sportlerehrung der Gemeinde Hosenfeld im B\u00fcrgerhaus Jossa unter anderem den Vorsitzenden des Sportkreises Fulda, Thomas Wenig, Ortsvorsteher R\u00fcdiger Merz, den Vorsitzenden des Ausschusses f\u00fcr Sport, Kultur und Soziales, Thomas Koch, sowie weitere Vertreter der gemeindlichen Gremien begr\u00fc\u00dfen.<\/p>\n<p>Die Gemeinde Hosenfeld f\u00fchrt nach Angaben von B\u00fcrgermeister Block mittlerweile zum vierten Mal eine Sportlerehrung durch, die alle zwei Jahres stattfindet. Solche Ehrungen stellten eine willkommene Gelegenheit f\u00fcr die Gemeinde dar, denen zu danken, die sich eingesetzt h\u00e4tten, um lohnenswerte Ziele zu erreichen, und dadurch zu positiven Vorbildern und Botschaftern Hosenfelds geworden seien.<\/p>\n<p><strong>Talent reicht nicht<\/strong><\/p>\n<p>Veranstaltungen wie die Sportlerehrung vermittelten einer breiten \u00d6ffentlichkeit, welche Wertsch\u00e4tzung die Arbeit der Vereine genie\u00dfe, unterstrich der Sportkreisvorsitzende Wenig. Sie b\u00f6ten eine Blattform, um au\u00dferordentliche Leistungen zu w\u00fcrdigen, aber auch zus\u00e4tzliche Leistungsanreize zu geben. Gerade im Sport reiche Talent alleine nicht aus. Hinzu kommen m\u00fcssten viele weitere Puzzlesteine.<\/p>\n<p>Beispielhaft nannte der Sportkreisvorsitzende enormen Trainingsflei\u00df, eisernen Willen, das Einhalten von Regeln, Geduld und Ausdauer als die entscheidenden Garanten f\u00fcr gute Leistungen. Wenig empfahl den Geehrten, sich nicht auf ihren bisherigen Erfolgen auszuruhen, sondern ehrgeizig weiterzuarbeiten, damit sie auch in Zukunft zu denjenigen geh\u00f6ren k\u00f6nnten, die auf einer solchen B\u00fchne st\u00fcnden.<\/p>\n<p><strong>Breites Spektrum<\/strong><\/p>\n<p>Aus dem Bereich des Sports wurden f\u00fcnf Einzelsportler und drei Mannschaften geehrt. Bei den Einzelsportlern waren dies Adrian Waldmann (Leichtathletik, LG Fulda), Sandra Melcher (Kick-Boxen, Kampfsportfreunde Fulda), Stefanie Murges und Petra M\u00e4urer (Judo f\u00fcr Menschen mit Handicap, Kodokan Neuhof) sowie Karl Piehl (Motorsport). Bei den Mannschaften wurden die Sportvereinigung Hosenfeld (Fu\u00dfball, D-Jugend), der Turnverein Hosenfeld (Tischtennis, m\u00e4nnliche Jugend) sowie die Sportgemeinschaft Blau-Wei\u00df Hainzell (Handball, m\u00e4nnliche C-Jugend) geehrt.<\/p>\n<p>F\u00fcr z\u00fcchterische Leistungen erhielten eine Ehrung: Toni Sippel, Dirk Hasenauer, Henric Hohmann, Bernd Schmitt, Daniel Weyda und Kurt Schmalbrock (alle Kleintierzuchtverein K 109 Hosenfeld). Aus dem Bereich der Kultur wurden die Hoppenrain-Spieler J\u00fcrgen von Keitz und Matthias Bickert sowie ihr Lehrmeister und Ehrendirigent des Musikvereins Blankenau, Richard Roffeis, geehrt. Die Hoppenrain-Spieler waren es auch, die die Veranstaltung musikalisch mit ihrem Trompetenspiel umrahmten<\/p>\n","protected":false},"excerpt":{"rendered":"<div class=\"tmnf_excerpt\"><p>Hosenfeld. Als Ansporn, das gemeinschaftliche Zusammenleben, aber auch die eigene Lebensqualit\u00e4t weiter zu bereichern, wollte Erster Kreisbeigeordneter Dr. Heiko Wingenfeld die Sportlerehrung in der Gemeinde Hosenfeld verstanden wissen. Die Geehrten h\u00e4tten Disziplin, Teamf\u00e4higkeit, Verantwortungsbewusstsein und die Bereitschaft, sich \u00fcber das normale Ma\u00df hinaus zu engagieren, bewiesen.<\/p>\n<\/div>","protected":false},"author":1,"featured_media":0,"comment_status":"closed","ping_status":"closed","sticky":false,"template":"","format":"standard","meta":{"footnotes":""},"categories":[1,72,46],"tags":[],"class_list":["post-14148","post","type-post","status-publish","format-standard","hentry","category-startseite","category-jugend","category-sport"],"_links":{"self":[{"href":"https:\/\/www.fuldaernachrichten.de\/index.php?rest_route=\/wp\/v2\/posts\/14148","targetHints":{"allow":["GET"]}}],"collection":[{"href":"https:\/\/www.fuldaernachrichten.de\/index.php?rest_route=\/wp\/v2\/posts"}],"about":[{"href":"https:\/\/www.fuldaernachrichten.de\/index.php?rest_route=\/wp\/v2\/types\/post"}],"author":[{"embeddable":true,"href":"https:\/\/www.fuldaernachrichten.de\/index.php?rest_route=\/wp\/v2\/users\/1"}],"replies":[{"embeddable":true,"href":"https:\/\/www.fuldaernachrichten.de\/index.php?rest_route=%2Fwp%2Fv2%2Fcomments&post=14148"}],"version-history":[{"count":4,"href":"https:\/\/www.fuldaernachrichten.de\/index.php?rest_route=\/wp\/v2\/posts\/14148\/revisions"}],"predecessor-version":[{"id":14333,"href":"https:\/\/www.fuldaernachrichten.de\/index.php?rest_route=\/wp\/v2\/posts\/14148\/revisions\/14333"}],"wp:attachment":[{"href":"https:\/\/www.fuldaernachrichten.de\/index.php?rest_route=%2Fwp%2Fv2%2Fmedia&parent=14148"}],"wp:term":[{"taxonomy":"category","embeddable":true,"href":"https:\/\/www.fuldaernachrichten.de\/index.php?rest_route=%2Fwp%2Fv2%2Fcategories&post=14148"},{"taxonomy":"post_tag","embeddable":true,"href":"https:\/\/www.fuldaernachrichten.de\/index.php?rest_route=%2Fwp%2Fv2%2Ftags&post=14148"}],"curies":[{"name":"wp","href":"https:\/\/api.w.org\/{rel}","templated":true}]}}