{"id":141464,"date":"2015-07-28T16:36:40","date_gmt":"2015-07-28T14:36:40","guid":{"rendered":"http:\/\/www.fuldaer-nachrichten.de\/?p=141464"},"modified":"2015-07-28T16:36:40","modified_gmt":"2015-07-28T14:36:40","slug":"ja-ich-kann-und-glaube-an-den-erfolg-25-zahnmedizinische-fachangestellte-der-eduard-stieler-schule-verabschiedet","status":"publish","type":"post","link":"https:\/\/www.fuldaernachrichten.de\/?p=141464","title":{"rendered":"\u201eJa ich kann und glaube an den Erfolg\u201c &#8211; 25 Zahnmedizinische Fachangestellte der Eduard-Stieler-Schule verabschiedet"},"content":{"rendered":"<p><strong>Nach bestandener schriftlicher und praktischer Pr\u00fcfung erhielten 25 junge Zahnmedizinische Fachangestellte von der Eduard-Stieler-Schule ihre Abschlusszeugnisse, \u00fcberreicht vom Kreisstellenvorsitzenden der Zahn\u00e4rzte Fuldas Dr. Arndt Neidhardt, der Abteilungsleiterin Angelika Bott-Werner und ihren Lehrerinnen und Lehrern der drei Ausbildungs-jahre.<\/strong><\/p>\n<p>Dr. Neidhardt, auch Pr\u00fcfungsvorsitzender und zahnmedizinischer Fachlehrer in einer der beiden Abschlussklassen, gratulierte den jungen Frauen ,zur Beendigung ihrer Ausbildung\u00e2\u20ac\u02dc. Gleichzeitig betonte er, dass heute ein wichtiges Ziel erreicht wurde, aber Fort- und Weiterbildung selbstverst\u00e4ndlich den weiteren Berufsweg begleiten. Sicherlich ist das Handy heute ein wichtiges Kommunikationsmittel, das aus dem Alltag nicht mehr wegzudenken ist. Trotzdem ist f\u00fcr Dr. Neidhardt der<\/p>\n<p>pers\u00f6nliche Kontakt, das direkte Gespr\u00e4ch, Netzwerke des Austauschs zu pflegen, ebenfalls sehr wichtig -beruflich wie privat. \u201eRasante technische Entwicklungen sollten immer wieder kritisch \u00fcberpr\u00fcft und nicht einfach \u00fcbernommen werden.\u201c In der Zahnmedizin ist nicht alles, was m\u00f6glich ist auch gut f\u00fcr die Patienten. Wichtig ist zum Beispiel die Einhaltung der Hygienevorschriften und dass der R\u00f6ntgenschein alle f\u00fcnf Jahre erneuert wird. Dazu bedarf es der Schulung, nicht nur der Zahn\u00e4rzte einer Praxis, sondern des gesamten Teams. Insgesamt brachte der Pr\u00fcfungsvorsitzende seine Freude \u00fcber die im Landesdurchschnitt immer wieder guten Ergebnisse der Fuldaer Zahnmedizinischen Fachangestellten zum Ausdruck.<\/p>\n<p>Studiendirektorin Angelika Bott-Werner kn\u00fcpfte in ihrer Ansprache an den Kreisstellenvorsitzenden Neidhardt an, dass gut die H\u00e4lfte jener Wissens-inhalte, die w\u00e4hrend der normalen Schulzeit erworben werden, nach ca. 20 Jahren \u00fcberholt und veraltet sind. Je spezialisierter das Wissen und je kleiner der Bereich, in dem das Fachwissen angewendet werden kann, desto fr\u00fcher ist dieses Wissen aufgrund neuer Entwicklungen, Produkte oder Verfahren nicht mehr zeitgem\u00e4\u00df -was sicherlich auch f\u00fcr die Zahnmedizin zutrifft.<\/p>\n<p>\u201eDass sollte Ihnen nicht Angst machen\u201c \u00e4u\u00dferte die Abteilungsleiterin. \u201eNutzen Sie diese Erkenntnisse, als Chance f\u00fcr ihr zuk\u00fcnftiges Leben ,nicht Stehen zu bleiben\u00e2\u20ac\u02dc und sich fort- und weiter zu entwickeln\u201c. Mit einem Zitat der \u00f6sterreichischen Schriftstellerin Marie von Ebner-Eschenbach machte Bott-Werner den jungen Frauen Mut: \u201eWenn es einen Glauben gibt, der Berge versetzen kann, so ist es der Glaube an die eigene Kraft\u201c. Sie bedankte sich bei den ehemaligen Sch\u00fclerinnen der Eduard-Stieler-Schule, dass sie drei Jahre die Schule besucht haben, denn ohne die Lernenden g\u00e4be es die Schule nicht. Aber auch das Engagement der Lehrerinnen und Lehrer, die nicht ausschlie\u00dflich Vermittler von Lerninhalten, sondern oft auch Berater bei Konflikten in Betrieben oder in pers\u00f6nlichen Fragen waren, sprach die Studiendirektorin an.<\/p>\n<p>Mit: \u201eJa, ich kann und glaube an den Erfolg\u201c als Motto f\u00fcr das zuk\u00fcnftige Leben -beendete Bott-Werner ihre Ausf\u00fchrungen.<\/p>\n<p>Dr. Rainer Klaus, zahn\u00e4rztlicher Fachlehrer und die beiden Klassenlehrer<\/p>\n<p>Franziska Zinn und Siegfried Gedig waren sich einig, dass der Weg zum Erfolg nicht immer einfach und gradlinig war, aber Durchhalteverm\u00f6gen letztendlich zum Ziel f\u00fchrten. Besondere Anerkennung sprachen sie zwei jungen M\u00fcttern aus, die neben der Ausbildung in Betrieb und Schule noch ihre Kinder und den Haushalt ,meisterten\u00e2\u20ac\u02dc und trotzdem gute Ergebnisse erreichten.<\/p>\n<p>Nach der feierlichen Zeugnis\u00fcbergabe im Holiday Inn bedankten sich die festlich gekleideten jungen Frauen bei ihren Lehrerinnen und Lehrern mit Blumen und Pr\u00e4senten. \u201eDer Unterricht in der Schule in Betriebswirt-schaftslehre und Fachpraxis waren schon eine wichtige Grundlage, um die Abschlusspr\u00fcfung zu bestehen\u201c -\u00e4u\u00dferten die ehemaligen Sch\u00fclerinnen.<\/p>\n<p>Bei einem gemeinsamen Brunch und mit vielen Fotoaufnahmen zur Erinnerung endete eine Feier, die allen noch lange in Erinnerung bleiben wird.<\/p>\n","protected":false},"excerpt":{"rendered":"<div class=\"tmnf_excerpt\"><p>Nach bestandener schriftlicher und praktischer Pr\u00fcfung erhielten 25 junge Zahnmedizinische Fachangestellte von der Eduard-Stieler-Schule ihre Abschlusszeugnisse, \u00fcberreicht vom Kreisstellenvorsitzenden der Zahn\u00e4rzte Fuldas Dr. Arndt Neidhardt, der Abteilungsleiterin Angelika Bott-Werner und ihren Lehrerinnen und Lehrern der drei Ausbildungs-jahre. Dr. Neidhardt, auch Pr\u00fcfungsvorsitzender und zahnmedizinischer Fachlehrer in einer der beiden Abschlussklassen, gratulierte den jungen Frauen ,zur Beendigung &hellip;<\/p>\n<\/div>","protected":false},"author":1,"featured_media":141466,"comment_status":"closed","ping_status":"closed","sticky":false,"template":"","format":"standard","meta":{"footnotes":""},"categories":[1],"tags":[],"class_list":["post-141464","post","type-post","status-publish","format-standard","has-post-thumbnail","hentry","category-startseite"],"_links":{"self":[{"href":"https:\/\/www.fuldaernachrichten.de\/index.php?rest_route=\/wp\/v2\/posts\/141464","targetHints":{"allow":["GET"]}}],"collection":[{"href":"https:\/\/www.fuldaernachrichten.de\/index.php?rest_route=\/wp\/v2\/posts"}],"about":[{"href":"https:\/\/www.fuldaernachrichten.de\/index.php?rest_route=\/wp\/v2\/types\/post"}],"author":[{"embeddable":true,"href":"https:\/\/www.fuldaernachrichten.de\/index.php?rest_route=\/wp\/v2\/users\/1"}],"replies":[{"embeddable":true,"href":"https:\/\/www.fuldaernachrichten.de\/index.php?rest_route=%2Fwp%2Fv2%2Fcomments&post=141464"}],"version-history":[{"count":1,"href":"https:\/\/www.fuldaernachrichten.de\/index.php?rest_route=\/wp\/v2\/posts\/141464\/revisions"}],"predecessor-version":[{"id":141467,"href":"https:\/\/www.fuldaernachrichten.de\/index.php?rest_route=\/wp\/v2\/posts\/141464\/revisions\/141467"}],"wp:featuredmedia":[{"embeddable":true,"href":"https:\/\/www.fuldaernachrichten.de\/index.php?rest_route=\/wp\/v2\/media\/141466"}],"wp:attachment":[{"href":"https:\/\/www.fuldaernachrichten.de\/index.php?rest_route=%2Fwp%2Fv2%2Fmedia&parent=141464"}],"wp:term":[{"taxonomy":"category","embeddable":true,"href":"https:\/\/www.fuldaernachrichten.de\/index.php?rest_route=%2Fwp%2Fv2%2Fcategories&post=141464"},{"taxonomy":"post_tag","embeddable":true,"href":"https:\/\/www.fuldaernachrichten.de\/index.php?rest_route=%2Fwp%2Fv2%2Ftags&post=141464"}],"curies":[{"name":"wp","href":"https:\/\/api.w.org\/{rel}","templated":true}]}}