{"id":141412,"date":"2015-07-25T15:36:25","date_gmt":"2015-07-25T13:36:25","guid":{"rendered":"http:\/\/www.fuldaer-nachrichten.de\/?p=141412"},"modified":"2015-07-25T15:36:25","modified_gmt":"2015-07-25T13:36:25","slug":"auffuehrung-des-musicals-jona","status":"publish","type":"post","link":"https:\/\/www.fuldaernachrichten.de\/?p=141412","title":{"rendered":"Auff\u00fchrung des Musicals \u201eJona\u201c"},"content":{"rendered":"<p>Der Pastoralverbund St. Michael Hohe Rh\u00f6n, das Bistum Fulda und das Forum Michaelshof haben in der ersten Sommerferienwoche zu einem generationen\u00fcbergreifenden Musicalprojekt eingeladen. Aus der Region und ganz Deutschland sind Interessenten gekommen, um das Musical \u201eJona\u201c von Markus Neusser unter der gemeinsamen Leitung von Relindis Kn\u00f6chelmann, Thomas N\u00fcdling und Sylvia Reinhardt einzustudieren.<\/p>\n<p><strong>Aufgef\u00fchrt wird das lebendige Werk an drei Terminen in verschiedenen Kirchen des Ulstertals:<\/strong><\/p>\n<ul>\n<li>Freitag, 31. Juli 2015, 19:30 Uhr, Pfarrkirche St. Bartholom\u00e4us Hilders &#8211; Premiere<\/li>\n<li>Samstag, 1. August 2015, 19:30 Uhr, \u00c2\u00a0Pfarrkirche St. Michael Eckweisbach<\/li>\n<li>Sonntag, 3. August 2015, 14:30 Uhr, Pfarrkirche St. Elisabeth Lahrbach<\/li>\n<\/ul>\n<p>Der Eintritt ist jeweils frei!<\/p>\n","protected":false},"excerpt":{"rendered":"<div class=\"tmnf_excerpt\"><p>Der Pastoralverbund St. Michael Hohe Rh\u00f6n, das Bistum Fulda und das Forum Michaelshof haben in der ersten Sommerferienwoche zu einem generationen\u00fcbergreifenden Musicalprojekt eingeladen. Aus der Region und ganz Deutschland sind Interessenten gekommen, um das Musical \u201eJona\u201c von Markus Neusser unter der gemeinsamen Leitung von Relindis Kn\u00f6chelmann, Thomas N\u00fcdling und Sylvia Reinhardt einzustudieren. Aufgef\u00fchrt wird das &hellip;<\/p>\n<\/div>","protected":false},"author":1,"featured_media":141413,"comment_status":"closed","ping_status":"closed","sticky":false,"template":"","format":"standard","meta":{"footnotes":""},"categories":[44],"tags":[],"class_list":["post-141412","post","type-post","status-publish","format-standard","has-post-thumbnail","hentry","category-kultur"],"_links":{"self":[{"href":"https:\/\/www.fuldaernachrichten.de\/index.php?rest_route=\/wp\/v2\/posts\/141412","targetHints":{"allow":["GET"]}}],"collection":[{"href":"https:\/\/www.fuldaernachrichten.de\/index.php?rest_route=\/wp\/v2\/posts"}],"about":[{"href":"https:\/\/www.fuldaernachrichten.de\/index.php?rest_route=\/wp\/v2\/types\/post"}],"author":[{"embeddable":true,"href":"https:\/\/www.fuldaernachrichten.de\/index.php?rest_route=\/wp\/v2\/users\/1"}],"replies":[{"embeddable":true,"href":"https:\/\/www.fuldaernachrichten.de\/index.php?rest_route=%2Fwp%2Fv2%2Fcomments&post=141412"}],"version-history":[{"count":1,"href":"https:\/\/www.fuldaernachrichten.de\/index.php?rest_route=\/wp\/v2\/posts\/141412\/revisions"}],"predecessor-version":[{"id":141414,"href":"https:\/\/www.fuldaernachrichten.de\/index.php?rest_route=\/wp\/v2\/posts\/141412\/revisions\/141414"}],"wp:featuredmedia":[{"embeddable":true,"href":"https:\/\/www.fuldaernachrichten.de\/index.php?rest_route=\/wp\/v2\/media\/141413"}],"wp:attachment":[{"href":"https:\/\/www.fuldaernachrichten.de\/index.php?rest_route=%2Fwp%2Fv2%2Fmedia&parent=141412"}],"wp:term":[{"taxonomy":"category","embeddable":true,"href":"https:\/\/www.fuldaernachrichten.de\/index.php?rest_route=%2Fwp%2Fv2%2Fcategories&post=141412"},{"taxonomy":"post_tag","embeddable":true,"href":"https:\/\/www.fuldaernachrichten.de\/index.php?rest_route=%2Fwp%2Fv2%2Ftags&post=141412"}],"curies":[{"name":"wp","href":"https:\/\/api.w.org\/{rel}","templated":true}]}}