{"id":141409,"date":"2015-07-25T13:36:32","date_gmt":"2015-07-25T11:36:32","guid":{"rendered":"http:\/\/www.fuldaer-nachrichten.de\/?p=141409"},"modified":"2015-07-25T13:36:45","modified_gmt":"2015-07-25T11:36:45","slug":"114-tanner-orgelmatinee-jugend-musiziert","status":"publish","type":"post","link":"https:\/\/www.fuldaernachrichten.de\/?p=141409","title":{"rendered":"114. Tanner Orgelmatinee: \u201eJugend musiziert\u201c"},"content":{"rendered":"<p>An den Sonntagen der Ferienmonate Juli und August finden jeweils um 11:00 Uhr \u2013 im Anschluss an den Gottesdienst \u2013 30min\u00fctige Matineen in der Tanner Stadtkirche statt, in deren Mittelpunkt die Orgel steht: Organisten und Instrumentalisten stellen in unterschiedlichster Besetzung die Vielfalt der Orgelmusik durch die Jahrhunderte vor.<\/p>\n<p>Mit Anton L\u00f6bens (H\u00fcnfeld) gastiert am Sonntag, 2. August 2015, ein junges und vielversprechendes Orgeltalent der Region in Tann. Der 16j\u00e4hrige hat beim diesj\u00e4hrigen Wettbewerb \u201eJugend musiziert\u201c auf Bundesebene einen Preis errungen. Mit seinem Wettbewerbsprogramm aus Barock, Romantik und Moderne bringt er die Tanner Orgel zum Klingen.<\/p>\n<p>Der Eintritt ist frei, eine Kollekte am Ausgang kommt der Erhaltung der Stadtkirchenorgel zugute! Die Orgelmatineen werden durch die VR-Bank NordRh\u00f6n eG gef\u00f6rdert.<\/p>\n<p><strong>Die weiteren Orgelmatineen 2015:<\/strong><\/p>\n<ul>\n<li>9. August \u00e2\u20ac\u00a2 Himmelskl\u00e4nge \u00e2\u20ac\u00a2 Anna Ziert (Orgel) und David Fl\u00fcgel (Harfe) entf\u00fchren in himmlische Sph\u00e4ren<\/li>\n<li>16. August \u00e2\u20ac\u00a2 Mit Menschen- und mit Engelszungen \u00e2\u20ac\u00a2 Eine musikalische Himmelsreise mit Thomas N\u00fcdling (Orgel) und irdische Anmerkungen von Uwe-Bernd Herchen<\/li>\n<li>23. August \u00e2\u20ac\u00a2 Typisch Deutsch \u00e2\u20ac\u00a2 Carla Braun (Orgel) und Stella Degenhardt (Oboe) spielen Werke von Bruhns, Telemann und Reger<\/li>\n<\/ul>\n","protected":false},"excerpt":{"rendered":"<div class=\"tmnf_excerpt\"><p>An den Sonntagen der Ferienmonate Juli und August finden jeweils um 11:00 Uhr \u2013 im Anschluss an den Gottesdienst \u2013 30min\u00fctige Matineen in der Tanner Stadtkirche statt, in deren Mittelpunkt die Orgel steht: Organisten und Instrumentalisten stellen in unterschiedlichster Besetzung die Vielfalt der Orgelmusik durch die Jahrhunderte vor. Mit Anton L\u00f6bens (H\u00fcnfeld) gastiert am Sonntag, &hellip;<\/p>\n<\/div>","protected":false},"author":1,"featured_media":0,"comment_status":"closed","ping_status":"closed","sticky":false,"template":"","format":"standard","meta":{"footnotes":""},"categories":[1,50,44],"tags":[],"class_list":["post-141409","post","type-post","status-publish","format-standard","hentry","category-startseite","category-kirche","category-kultur"],"_links":{"self":[{"href":"https:\/\/www.fuldaernachrichten.de\/index.php?rest_route=\/wp\/v2\/posts\/141409","targetHints":{"allow":["GET"]}}],"collection":[{"href":"https:\/\/www.fuldaernachrichten.de\/index.php?rest_route=\/wp\/v2\/posts"}],"about":[{"href":"https:\/\/www.fuldaernachrichten.de\/index.php?rest_route=\/wp\/v2\/types\/post"}],"author":[{"embeddable":true,"href":"https:\/\/www.fuldaernachrichten.de\/index.php?rest_route=\/wp\/v2\/users\/1"}],"replies":[{"embeddable":true,"href":"https:\/\/www.fuldaernachrichten.de\/index.php?rest_route=%2Fwp%2Fv2%2Fcomments&post=141409"}],"version-history":[{"count":2,"href":"https:\/\/www.fuldaernachrichten.de\/index.php?rest_route=\/wp\/v2\/posts\/141409\/revisions"}],"predecessor-version":[{"id":141411,"href":"https:\/\/www.fuldaernachrichten.de\/index.php?rest_route=\/wp\/v2\/posts\/141409\/revisions\/141411"}],"wp:attachment":[{"href":"https:\/\/www.fuldaernachrichten.de\/index.php?rest_route=%2Fwp%2Fv2%2Fmedia&parent=141409"}],"wp:term":[{"taxonomy":"category","embeddable":true,"href":"https:\/\/www.fuldaernachrichten.de\/index.php?rest_route=%2Fwp%2Fv2%2Fcategories&post=141409"},{"taxonomy":"post_tag","embeddable":true,"href":"https:\/\/www.fuldaernachrichten.de\/index.php?rest_route=%2Fwp%2Fv2%2Ftags&post=141409"}],"curies":[{"name":"wp","href":"https:\/\/api.w.org\/{rel}","templated":true}]}}