{"id":141364,"date":"2015-07-23T20:20:02","date_gmt":"2015-07-23T18:20:02","guid":{"rendered":"http:\/\/www.fuldaer-nachrichten.de\/?p=141364"},"modified":"2015-07-23T20:20:15","modified_gmt":"2015-07-23T18:20:15","slug":"evangelischer-kirchenkreis-kickt-konfi-cup-in-tann","status":"publish","type":"post","link":"https:\/\/www.fuldaernachrichten.de\/?p=141364","title":{"rendered":"Evangelischer Kirchenkreis kickt &#8211; Konfi-Cup in Tann"},"content":{"rendered":"<p>Zw\u00f6lf Mannschaften 13-14-J\u00e4hriger aus dem ganzen Kirchenkreis Fulda traten in Tann zum \u201eKonfi-Cup\u201c an. Organisiert hatte das Konfirmanden-Event der Konfirmandenbeauftragte Pfarrer Holger Biehn unterst\u00fctzt von Jugendreferent Samuel K\u00fcmmel. Siegreich und qualifiziert f\u00fcr die landeskirchliche Ausscheidung im September war die Mannschaft der Kreuzkirche in Fulda-Neuenberg. Dekan Bengt Seeberg begl\u00fcckw\u00fcnschte aber nicht nur die Sieger. \u201eBeim Sport geht es nat\u00fcrlich auch um Gewinner. Wichtig ist mir und uns aber auch die Gemeinschaftserfahrung und die Freude, die die rund 150 Jugendlichen mit ihren Pfarrerinnen und Pfarrern hatten\u201c, so der Dekan, der den Pokal \u00fcberreichte.<\/p>\n<p>Zum Foto: Dekan Bengt Seeberg begl\u00fcckw\u00fcnscht das siegreiche Team der Kreuzkirche Fulda<\/p>\n","protected":false},"excerpt":{"rendered":"<div class=\"tmnf_excerpt\"><p>Zw\u00f6lf Mannschaften 13-14-J\u00e4hriger aus dem ganzen Kirchenkreis Fulda traten in Tann zum \u201eKonfi-Cup\u201c an. Organisiert hatte das Konfirmanden-Event der Konfirmandenbeauftragte Pfarrer Holger Biehn unterst\u00fctzt von Jugendreferent Samuel K\u00fcmmel. Siegreich und qualifiziert f\u00fcr die landeskirchliche Ausscheidung im September war die Mannschaft der Kreuzkirche in Fulda-Neuenberg. Dekan Bengt Seeberg begl\u00fcckw\u00fcnschte aber nicht nur die Sieger. \u201eBeim Sport &hellip;<\/p>\n<\/div>","protected":false},"author":1,"featured_media":141370,"comment_status":"closed","ping_status":"closed","sticky":false,"template":"","format":"standard","meta":{"footnotes":""},"categories":[1,72,50,46],"tags":[],"class_list":["post-141364","post","type-post","status-publish","format-standard","has-post-thumbnail","hentry","category-startseite","category-jugend","category-kirche","category-sport"],"_links":{"self":[{"href":"https:\/\/www.fuldaernachrichten.de\/index.php?rest_route=\/wp\/v2\/posts\/141364","targetHints":{"allow":["GET"]}}],"collection":[{"href":"https:\/\/www.fuldaernachrichten.de\/index.php?rest_route=\/wp\/v2\/posts"}],"about":[{"href":"https:\/\/www.fuldaernachrichten.de\/index.php?rest_route=\/wp\/v2\/types\/post"}],"author":[{"embeddable":true,"href":"https:\/\/www.fuldaernachrichten.de\/index.php?rest_route=\/wp\/v2\/users\/1"}],"replies":[{"embeddable":true,"href":"https:\/\/www.fuldaernachrichten.de\/index.php?rest_route=%2Fwp%2Fv2%2Fcomments&post=141364"}],"version-history":[{"count":2,"href":"https:\/\/www.fuldaernachrichten.de\/index.php?rest_route=\/wp\/v2\/posts\/141364\/revisions"}],"predecessor-version":[{"id":141373,"href":"https:\/\/www.fuldaernachrichten.de\/index.php?rest_route=\/wp\/v2\/posts\/141364\/revisions\/141373"}],"wp:featuredmedia":[{"embeddable":true,"href":"https:\/\/www.fuldaernachrichten.de\/index.php?rest_route=\/wp\/v2\/media\/141370"}],"wp:attachment":[{"href":"https:\/\/www.fuldaernachrichten.de\/index.php?rest_route=%2Fwp%2Fv2%2Fmedia&parent=141364"}],"wp:term":[{"taxonomy":"category","embeddable":true,"href":"https:\/\/www.fuldaernachrichten.de\/index.php?rest_route=%2Fwp%2Fv2%2Fcategories&post=141364"},{"taxonomy":"post_tag","embeddable":true,"href":"https:\/\/www.fuldaernachrichten.de\/index.php?rest_route=%2Fwp%2Fv2%2Ftags&post=141364"}],"curies":[{"name":"wp","href":"https:\/\/api.w.org\/{rel}","templated":true}]}}