{"id":141332,"date":"2015-07-23T09:08:43","date_gmt":"2015-07-23T07:08:43","guid":{"rendered":"http:\/\/www.fuldaer-nachrichten.de\/?p=141332"},"modified":"2015-07-23T09:08:43","modified_gmt":"2015-07-23T07:08:43","slug":"lockerer-einstieg-in-interessanten-beruf","status":"publish","type":"post","link":"https:\/\/www.fuldaernachrichten.de\/?p=141332","title":{"rendered":"Lockerer Einstieg in interessanten Beruf"},"content":{"rendered":"<p>Auf einen Flirt mit dem Berufsbild \u201eBankkauffrau\/Bankkaufmann\u201c lie\u00dfen sich 50 junge Leute am S-Finanzmarkt in Fulda ein. Die Sparkasse hatte Sch\u00fclerinnen und Sch\u00fcler zum \u201eAzubi-Abend\u201c eingeladen. Dabei pr\u00e4sentierte sie die zweieinhalbj\u00e4hrige Ausbildung als attraktiven Einstieg ins Berufsleben.<\/p>\n<p>Die Sparkasse setzt auf \u201eEigengew\u00e4chse\u201c. Das machte Vorstandsvorsitzender Alois Fr\u00fcchtl schon bei der Begr\u00fc\u00dfung mit einem Vergleich aus der Welt des Fu\u00dfballs deutlich: \u201eWir kaufen nicht am Transfermarkt. Lieber bauen wir Talente aus dem eigenen Nachwuchs in unsere Mannschaft ein.\u201c Wie das konkret aussieht, dar\u00fcber konnten sich die jungen Besucher anschlie\u00dfend aus erster Hand informieren. Auszubildende, Berater und Ausbildungsverantwortliche der Sparkasse hatten alles bestens vorbereitet und standen in lockerer Atmosph\u00e4re Rede und Antwort. Es ging um die verschiedenen Stationen der Ausbildung, die wesentlichen Inhalte, um Talentf\u00f6rderung und Karrierechancen und nat\u00fcrlich um das Kerngesch\u00e4ft der Sparkasse, die Kundenberatung.<\/p>\n<p>So manches interessante Gespr\u00e4ch setzte sich bei einem fruchtigen Cocktail fort. Nicht ausgeschlossen, dass aus manchem Flirt in den n\u00e4chsten Wochen eine feste Sache wird. Unter www.sparkasse-fulda\/karriere k\u00f6nnen sich interessierte Jugendliche f\u00fcr den Ausbildungsstart zum 1. August 2016 online bewerben.<\/p>\n","protected":false},"excerpt":{"rendered":"<div class=\"tmnf_excerpt\"><p>Auf einen Flirt mit dem Berufsbild \u201eBankkauffrau\/Bankkaufmann\u201c lie\u00dfen sich 50 junge Leute am S-Finanzmarkt in Fulda ein. Die Sparkasse hatte Sch\u00fclerinnen und Sch\u00fcler zum \u201eAzubi-Abend\u201c eingeladen. Dabei pr\u00e4sentierte sie die zweieinhalbj\u00e4hrige Ausbildung als attraktiven Einstieg ins Berufsleben. Die Sparkasse setzt auf \u201eEigengew\u00e4chse\u201c. Das machte Vorstandsvorsitzender Alois Fr\u00fcchtl schon bei der Begr\u00fc\u00dfung mit einem Vergleich aus &hellip;<\/p>\n<\/div>","protected":false},"author":1,"featured_media":0,"comment_status":"closed","ping_status":"closed","sticky":false,"template":"","format":"standard","meta":{"footnotes":""},"categories":[1,53],"tags":[],"class_list":["post-141332","post","type-post","status-publish","format-standard","hentry","category-startseite","category-bildung"],"_links":{"self":[{"href":"https:\/\/www.fuldaernachrichten.de\/index.php?rest_route=\/wp\/v2\/posts\/141332","targetHints":{"allow":["GET"]}}],"collection":[{"href":"https:\/\/www.fuldaernachrichten.de\/index.php?rest_route=\/wp\/v2\/posts"}],"about":[{"href":"https:\/\/www.fuldaernachrichten.de\/index.php?rest_route=\/wp\/v2\/types\/post"}],"author":[{"embeddable":true,"href":"https:\/\/www.fuldaernachrichten.de\/index.php?rest_route=\/wp\/v2\/users\/1"}],"replies":[{"embeddable":true,"href":"https:\/\/www.fuldaernachrichten.de\/index.php?rest_route=%2Fwp%2Fv2%2Fcomments&post=141332"}],"version-history":[{"count":1,"href":"https:\/\/www.fuldaernachrichten.de\/index.php?rest_route=\/wp\/v2\/posts\/141332\/revisions"}],"predecessor-version":[{"id":141333,"href":"https:\/\/www.fuldaernachrichten.de\/index.php?rest_route=\/wp\/v2\/posts\/141332\/revisions\/141333"}],"wp:attachment":[{"href":"https:\/\/www.fuldaernachrichten.de\/index.php?rest_route=%2Fwp%2Fv2%2Fmedia&parent=141332"}],"wp:term":[{"taxonomy":"category","embeddable":true,"href":"https:\/\/www.fuldaernachrichten.de\/index.php?rest_route=%2Fwp%2Fv2%2Fcategories&post=141332"},{"taxonomy":"post_tag","embeddable":true,"href":"https:\/\/www.fuldaernachrichten.de\/index.php?rest_route=%2Fwp%2Fv2%2Ftags&post=141332"}],"curies":[{"name":"wp","href":"https:\/\/api.w.org\/{rel}","templated":true}]}}