{"id":141288,"date":"2015-07-22T19:56:37","date_gmt":"2015-07-22T17:56:37","guid":{"rendered":"http:\/\/www.fuldaer-nachrichten.de\/?p=141288"},"modified":"2015-07-22T19:56:37","modified_gmt":"2015-07-22T17:56:37","slug":"mit-dem-blick-der-angehenden-altenpflegerinnen-und-altenpfleger","status":"publish","type":"post","link":"https:\/\/www.fuldaernachrichten.de\/?p=141288","title":{"rendered":"Mit dem Blick der angehenden Altenpflegerinnen und Altenpfleger\u00e2\u20ac\u00a6"},"content":{"rendered":"<p>Viel au\u00dferhalb der Lehrr\u00e4ume unterwegs waren k\u00fcrzlich w\u00e4hrend einer Projektwoche die Sch\u00fclerinnen und Sch\u00fcler der Caritas-Altenpflegeschule. In einem Medienprojekt \u2013 technisch und durch Schulung an den Ger\u00e4ten unterst\u00fctzt durch den Offenen Kanal \u2013 dokumentierten die Pflege-Auszubildenden auf den verschiedenen Veranstaltungen der Fuldaer Seniorenwoche die Angebote und Aktivit\u00e4ten f\u00fcr und mit den Senioren. Dazu hatte der seit 2014 laufende 30. Ausbildungsjahrgang sich in verschiedene Video- und Foto-Gruppen aufgeteilt. Zu den besuchten Programmpunkten geh\u00f6rten zum Beispiel ein Spielnachmittag, T\u00e4nze aus aller Welt, Ged\u00e4chtnistraining, Blutdruckmessen und Fu\u00dfpflege. Melanie Heerlein, Carina Nothe, Leyla Tuna und Rebecca Kaib, die zusammen eine Fotogruppe bildeten, planen ihre Fotoserie in Form eines Comics weiter zu entwickeln. Die Video-Gruppen haben es demgegen\u00fcber einfach \u2013 sie \u00fcbergeben ihr Material nun an eine Video-Schneidegruppe, die das Material weiter bearbeiten wird. Alle Ergebnisse der verschiedenen Arbeitsgruppen in der Summe sollen zeigen, was Senioren in Fulda geboten wird, und welches Ideenspektrum in der sozialen Betreuung f\u00fcr Senioren m\u00f6glich ist.<\/p>\n<p>\u00d6ffentlich pr\u00e4sentieren wollen die Altenpflegesch\u00fclerinnen und -sch\u00fcler, die in der Projektwoche von Dozentin Waltraud R\u00f6hl-Pfingsten betreut wurden, ihre fertigen Film- und Bildergeschichten im Herbst 2016, wenn die Altenpflegeschule ihren 40. Geburtstag feiert.<\/p>\n","protected":false},"excerpt":{"rendered":"<div class=\"tmnf_excerpt\"><p>Viel au\u00dferhalb der Lehrr\u00e4ume unterwegs waren k\u00fcrzlich w\u00e4hrend einer Projektwoche die Sch\u00fclerinnen und Sch\u00fcler der Caritas-Altenpflegeschule. In einem Medienprojekt \u2013 technisch und durch Schulung an den Ger\u00e4ten unterst\u00fctzt durch den Offenen Kanal \u2013 dokumentierten die Pflege-Auszubildenden auf den verschiedenen Veranstaltungen der Fuldaer Seniorenwoche die Angebote und Aktivit\u00e4ten f\u00fcr und mit den Senioren. Dazu hatte der &hellip;<\/p>\n<\/div>","protected":false},"author":1,"featured_media":141289,"comment_status":"closed","ping_status":"closed","sticky":false,"template":"","format":"standard","meta":{"footnotes":""},"categories":[1,51,72],"tags":[],"class_list":["post-141288","post","type-post","status-publish","format-standard","has-post-thumbnail","hentry","category-startseite","category-medizin","category-jugend"],"_links":{"self":[{"href":"https:\/\/www.fuldaernachrichten.de\/index.php?rest_route=\/wp\/v2\/posts\/141288","targetHints":{"allow":["GET"]}}],"collection":[{"href":"https:\/\/www.fuldaernachrichten.de\/index.php?rest_route=\/wp\/v2\/posts"}],"about":[{"href":"https:\/\/www.fuldaernachrichten.de\/index.php?rest_route=\/wp\/v2\/types\/post"}],"author":[{"embeddable":true,"href":"https:\/\/www.fuldaernachrichten.de\/index.php?rest_route=\/wp\/v2\/users\/1"}],"replies":[{"embeddable":true,"href":"https:\/\/www.fuldaernachrichten.de\/index.php?rest_route=%2Fwp%2Fv2%2Fcomments&post=141288"}],"version-history":[{"count":2,"href":"https:\/\/www.fuldaernachrichten.de\/index.php?rest_route=\/wp\/v2\/posts\/141288\/revisions"}],"predecessor-version":[{"id":141292,"href":"https:\/\/www.fuldaernachrichten.de\/index.php?rest_route=\/wp\/v2\/posts\/141288\/revisions\/141292"}],"wp:featuredmedia":[{"embeddable":true,"href":"https:\/\/www.fuldaernachrichten.de\/index.php?rest_route=\/wp\/v2\/media\/141289"}],"wp:attachment":[{"href":"https:\/\/www.fuldaernachrichten.de\/index.php?rest_route=%2Fwp%2Fv2%2Fmedia&parent=141288"}],"wp:term":[{"taxonomy":"category","embeddable":true,"href":"https:\/\/www.fuldaernachrichten.de\/index.php?rest_route=%2Fwp%2Fv2%2Fcategories&post=141288"},{"taxonomy":"post_tag","embeddable":true,"href":"https:\/\/www.fuldaernachrichten.de\/index.php?rest_route=%2Fwp%2Fv2%2Ftags&post=141288"}],"curies":[{"name":"wp","href":"https:\/\/api.w.org\/{rel}","templated":true}]}}