{"id":141277,"date":"2015-07-22T09:27:01","date_gmt":"2015-07-22T07:27:01","guid":{"rendered":"http:\/\/www.fuldaer-nachrichten.de\/?p=141277"},"modified":"2015-07-22T09:27:01","modified_gmt":"2015-07-22T07:27:01","slug":"zdf-fernsehgottesdienst-aus-huenfeld","status":"publish","type":"post","link":"https:\/\/www.fuldaernachrichten.de\/?p=141277","title":{"rendered":"ZDF-Fernsehgottesdienst aus H\u00fcnfeld"},"content":{"rendered":"<p>Zum dritten Mal \u00fcbertr\u00e4gt das ZDF einen Fernsehgottesdienst aus der Klosterkirche. Am Sonntag, 9. August 2015 sendet das ZDF um 9.30 Uhr. Aus Anlass des Jahres der Orden hat die Fernsehmesse den Titel \u201eF\u00fcr Gott. F\u00fcr die Menschen\u201c. Ordensleute aus verschiedenen Gemeinschaft wirken bei dem Gottesdienst mit und geben Lebenszeugnisse. Hauptzelebrant ist P. Dirk Fey OMI, Prediger P. Martin Wolf OMI. Konzelebrant P. Norbert Wilczek OMI. Es singt das Vokalensemble H\u00fcnfeld unter der Leitung von Regionalkantor Christopher L\u00f6bens. An der Orgel ist der Klosterorganist Matthias Steinmacher.<\/p>\n<p>Gl\u00e4ubige sind eingeladen, den Gottesdienst in der Klosterkirche mitzufeiern. Man sollte 10 Minuten vor Beginn in der Kirche sein. Im Anschlu\u00df an die \u00dcbertragung k\u00f6nnen die Gottesdienstbesucher in der Aula des Klosters die \u00dcbertragung anschauen. Durch den Fernsehgottesdienst werden mehrere hunderttausend Zuschauer erreicht. Im Anschlu\u00df an den Fernsehgottesdienst wird auch eine Telefonleitung geschaltet, um \u00fcber den Gottesdienst ins Gespr\u00e4ch zu kommen.<\/p>\n","protected":false},"excerpt":{"rendered":"<div class=\"tmnf_excerpt\"><p>Zum dritten Mal \u00fcbertr\u00e4gt das ZDF einen Fernsehgottesdienst aus der Klosterkirche. Am Sonntag, 9. August 2015 sendet das ZDF um 9.30 Uhr. Aus Anlass des Jahres der Orden hat die Fernsehmesse den Titel \u201eF\u00fcr Gott. F\u00fcr die Menschen\u201c. Ordensleute aus verschiedenen Gemeinschaft wirken bei dem Gottesdienst mit und geben Lebenszeugnisse. Hauptzelebrant ist P. Dirk Fey &hellip;<\/p>\n<\/div>","protected":false},"author":1,"featured_media":0,"comment_status":"closed","ping_status":"closed","sticky":false,"template":"","format":"standard","meta":{"footnotes":""},"categories":[1,50,44],"tags":[],"class_list":["post-141277","post","type-post","status-publish","format-standard","hentry","category-startseite","category-kirche","category-kultur"],"_links":{"self":[{"href":"https:\/\/www.fuldaernachrichten.de\/index.php?rest_route=\/wp\/v2\/posts\/141277","targetHints":{"allow":["GET"]}}],"collection":[{"href":"https:\/\/www.fuldaernachrichten.de\/index.php?rest_route=\/wp\/v2\/posts"}],"about":[{"href":"https:\/\/www.fuldaernachrichten.de\/index.php?rest_route=\/wp\/v2\/types\/post"}],"author":[{"embeddable":true,"href":"https:\/\/www.fuldaernachrichten.de\/index.php?rest_route=\/wp\/v2\/users\/1"}],"replies":[{"embeddable":true,"href":"https:\/\/www.fuldaernachrichten.de\/index.php?rest_route=%2Fwp%2Fv2%2Fcomments&post=141277"}],"version-history":[{"count":1,"href":"https:\/\/www.fuldaernachrichten.de\/index.php?rest_route=\/wp\/v2\/posts\/141277\/revisions"}],"predecessor-version":[{"id":141279,"href":"https:\/\/www.fuldaernachrichten.de\/index.php?rest_route=\/wp\/v2\/posts\/141277\/revisions\/141279"}],"wp:attachment":[{"href":"https:\/\/www.fuldaernachrichten.de\/index.php?rest_route=%2Fwp%2Fv2%2Fmedia&parent=141277"}],"wp:term":[{"taxonomy":"category","embeddable":true,"href":"https:\/\/www.fuldaernachrichten.de\/index.php?rest_route=%2Fwp%2Fv2%2Fcategories&post=141277"},{"taxonomy":"post_tag","embeddable":true,"href":"https:\/\/www.fuldaernachrichten.de\/index.php?rest_route=%2Fwp%2Fv2%2Ftags&post=141277"}],"curies":[{"name":"wp","href":"https:\/\/api.w.org\/{rel}","templated":true}]}}