{"id":141272,"date":"2015-07-22T09:26:02","date_gmt":"2015-07-22T07:26:02","guid":{"rendered":"http:\/\/www.fuldaer-nachrichten.de\/?p=141272"},"modified":"2015-07-22T09:26:02","modified_gmt":"2015-07-22T07:26:02","slug":"kino-fuer-senioren-10","status":"publish","type":"post","link":"https:\/\/www.fuldaernachrichten.de\/?p=141272","title":{"rendered":"Kino f\u00fcr Senioren"},"content":{"rendered":"<p>Am Mittwoch, den 29. Juli, um 15:00 Uhr findet im CineStar in der L\u00f6herstra\u00dfe eine Kinovorf\u00fchrung f\u00fcr \u00e4ltere Menschen statt.<\/p>\n<p>Gezeigt wird der Film \u201eDie Frau in Gold\u201c.<\/p>\n<p>Nach den Gr\u00e4ueln des NS-Terrors, dem viele Mitglieder ihrer j\u00fcdischen Familie zum Opfer fielen, wollte Maria Altmann (Helen Mirren) nie mehr in ihre \u00f6sterreichische Heimat zur\u00fcck. Doch Ende der Neunzigerjahre macht sich die Dame von Los Angeles auf den Weg nach Wien. Dort, im Schloss Belvedere, h\u00e4ngt ein Werk, das einst ihrer Familie geh\u00f6rte &#8211; die &#8220;Goldene Adele&#8221;, Gustav Klimts Jugendstil-Portr\u00e4t der Salondame Adele Bloch-Bauer, einer Tante Marias. 1938 konfiszierten die Nationalsozialisten das Gem\u00e4lde, nun fordert sie es zur\u00fcck.<\/p>\n<p>Karten zum Preis von 6,50 und 7,50 Euro erhalten Sie im Cinestar.<\/p>\n","protected":false},"excerpt":{"rendered":"<div class=\"tmnf_excerpt\"><p>Am Mittwoch, den 29. Juli, um 15:00 Uhr findet im CineStar in der L\u00f6herstra\u00dfe eine Kinovorf\u00fchrung f\u00fcr \u00e4ltere Menschen statt. Gezeigt wird der Film \u201eDie Frau in Gold\u201c. Nach den Gr\u00e4ueln des NS-Terrors, dem viele Mitglieder ihrer j\u00fcdischen Familie zum Opfer fielen, wollte Maria Altmann (Helen Mirren) nie mehr in ihre \u00f6sterreichische Heimat zur\u00fcck. Doch &hellip;<\/p>\n<\/div>","protected":false},"author":1,"featured_media":0,"comment_status":"closed","ping_status":"closed","sticky":false,"template":"","format":"standard","meta":{"footnotes":""},"categories":[1,44],"tags":[],"class_list":["post-141272","post","type-post","status-publish","format-standard","hentry","category-startseite","category-kultur"],"_links":{"self":[{"href":"https:\/\/www.fuldaernachrichten.de\/index.php?rest_route=\/wp\/v2\/posts\/141272","targetHints":{"allow":["GET"]}}],"collection":[{"href":"https:\/\/www.fuldaernachrichten.de\/index.php?rest_route=\/wp\/v2\/posts"}],"about":[{"href":"https:\/\/www.fuldaernachrichten.de\/index.php?rest_route=\/wp\/v2\/types\/post"}],"author":[{"embeddable":true,"href":"https:\/\/www.fuldaernachrichten.de\/index.php?rest_route=\/wp\/v2\/users\/1"}],"replies":[{"embeddable":true,"href":"https:\/\/www.fuldaernachrichten.de\/index.php?rest_route=%2Fwp%2Fv2%2Fcomments&post=141272"}],"version-history":[{"count":1,"href":"https:\/\/www.fuldaernachrichten.de\/index.php?rest_route=\/wp\/v2\/posts\/141272\/revisions"}],"predecessor-version":[{"id":141273,"href":"https:\/\/www.fuldaernachrichten.de\/index.php?rest_route=\/wp\/v2\/posts\/141272\/revisions\/141273"}],"wp:attachment":[{"href":"https:\/\/www.fuldaernachrichten.de\/index.php?rest_route=%2Fwp%2Fv2%2Fmedia&parent=141272"}],"wp:term":[{"taxonomy":"category","embeddable":true,"href":"https:\/\/www.fuldaernachrichten.de\/index.php?rest_route=%2Fwp%2Fv2%2Fcategories&post=141272"},{"taxonomy":"post_tag","embeddable":true,"href":"https:\/\/www.fuldaernachrichten.de\/index.php?rest_route=%2Fwp%2Fv2%2Ftags&post=141272"}],"curies":[{"name":"wp","href":"https:\/\/api.w.org\/{rel}","templated":true}]}}